{"id":58624,"date":"2023-09-16T13:54:34","date_gmt":"2023-09-16T13:54:34","guid":{"rendered":"https:\/\/notiissa.mx\/?p=58624"},"modified":"2023-09-16T13:54:34","modified_gmt":"2023-09-16T13:54:34","slug":"vivan-las-instituciones-viva-la-democracia-maru","status":"publish","type":"post","link":"https:\/\/notiissa.mx\/?p=58624","title":{"rendered":"\u201c\u00a1Vivan las instituciones! \u00a1Viva la democracia!: Maru"},"content":{"rendered":"<p><em>\u00a0 <\/em><strong>Chihuahua.-<\/strong> En el tercer acto protocolario del Grito de Independencia que encabeza como Gobernadora del Estado, Maru Campos llam\u00f3 a los chihuahuenses reunidos en la Plaza del \u00c1ngel, a unirse en solidaridad para la defensa de las instituciones y la democracia en el pa\u00eds.<\/p>\n<p>Lo anterior, durante la conmemoraci\u00f3n por el 213 Aniversario del Inicio del Movimiento Independentista, evento que registr\u00f3 la asistencia de m\u00e1s de 65 mil personas, de acuerdo con estimaciones de la Coordinaci\u00f3n Estatal de Protecci\u00f3n Civil.<\/p>\n<p>Desde su despacho de Palacio de Gobierno, Maru Campos fue escoltada por la presidenta del Congreso del Estado, la diputada Adriana Terrazas y la presidenta del Tribunal Superior de Justicia del Estado, la magistrada Myriam Hern\u00e1ndez, as\u00ed como de autoridades militares y miembros de su gabinete.<\/p>\n<p>Posteriormente se dirigi\u00f3 al Altar a la Patria, lugar que fue escenario del fusilamiento de don Miguel Hidalgo y Costilla el 21 de julio de 1811, donde hizo una guardia de honor bajo la direcci\u00f3n de los toques de corneta, de la Banda de Guerra del 23 Batall\u00f3n de Infanter\u00eda, de la V Zona Militar.<\/p>\n<p>Posteriormente, la titular del Ejecutivo se dirigi\u00f3 al sal\u00f3n Miguel Hidalgo, donde recibi\u00f3 la bandera de M\u00e9xico de manos de la Escolta castrense que celosamente la resguardaba, para entonces salir al balc\u00f3n principal y ante la multitud, arengar las tradicionales \u201cvivas\u201d.<\/p>\n<p>\u201c\u00a1Viva la independencia!, \u00a1Vivan los h\u00e9roes que nos dieron patria y libertad!, \u00a1Viva Hidalgo!, \u00a1Viva Morelos!, \u00a1Viva Guerrero!, \u00a1Viva Allende!, \u00a1Viva Aldama! \u00a1Viva Josefa Ortiz de Dom\u00ednguez!\u201d, grit\u00f3 la mandataria a los chihuahuenses.<\/p>\n<p>Luego continu\u00f3: \u00a1Viva la uni\u00f3n y solidaridad entre los chihuahuenses! \u00a1Vivan las instituciones! \u00a1Viva la democracia! \u00a1Viva M\u00e9xico! \u00a1Viva M\u00e9xico! \u00a1Viva Chihuahua!<\/p>\n<p>Al t\u00e9rmino, el tenor chihuahuense Francisco Fern\u00e1ndez Grado dirigi\u00f3 el canto del Himno Nacional Mexicano y el Himno del estado de Chihuahua, que fueron entonados al un\u00edsono por la multitud, para luego dar lugar al espect\u00e1culo de pirotecnia, que se prolong\u00f3 por m\u00e1s de 10 minutos al ritmo de t\u00edpicas melod\u00edas mexicanas.<\/p>\n<p>Para finalizar, Maru Campos regres\u00f3 el L\u00e1baro Patrio a la Escolta de la V Zona Militar, que a su vez, lo entreg\u00f3 al secretario general de Gobierno, Santiago de la Pe\u00f1a, para su resguardo.<\/p>\n","protected":false},"excerpt":{"rendered":"<p>\u00a0 Chihuahua.- En el tercer acto protocolario del Grito de Independencia que encabeza como Gobernadora del Estado, Maru Campos llam\u00f3 a los chihuahuenses reunidos en la Plaza del \u00c1ngel, a unirse en solidaridad para la defensa de las instituciones y la democracia en el pa\u00eds. Lo anterior, durante la conmemoraci\u00f3n por el 213 Aniversario del [&hellip;]<\/p>\n","protected":false},"author":1,"featured_media":58625,"comment_status":"closed","ping_status":"open","sticky":false,"template":"","format":"standard","meta":{"rop_custom_images_group":[],"rop_custom_messages_group":[],"rop_publish_now":"initial","rop_publish_now_accounts":[],"rop_publish_now_history":[],"rop_publish_now_status":"pending","footnotes":""},"categories":[67,72],"tags":[],"class_list":["post-58624","post","type-post","status-publish","format-standard","has-post-thumbnail","hentry","category-ciudad","category-estado"],"_links":{"self":[{"href":"https:\/\/notiissa.mx\/index.php?rest_route=\/wp\/v2\/posts\/58624","targetHints":{"allow":["GET"]}}],"collection":[{"href":"https:\/\/notiissa.mx\/index.php?rest_route=\/wp\/v2\/posts"}],"about":[{"href":"https:\/\/notiissa.mx\/index.php?rest_route=\/wp\/v2\/types\/post"}],"author":[{"embeddable":true,"href":"https:\/\/notiissa.mx\/index.php?rest_route=\/wp\/v2\/users\/1"}],"replies":[{"embeddable":true,"href":"https:\/\/notiissa.mx\/index.php?rest_route=%2Fwp%2Fv2%2Fcomments&post=58624"}],"version-history":[{"count":1,"href":"https:\/\/notiissa.mx\/index.php?rest_route=\/wp\/v2\/posts\/58624\/revisions"}],"predecessor-version":[{"id":58626,"href":"https:\/\/notiissa.mx\/index.php?rest_route=\/wp\/v2\/posts\/58624\/revisions\/58626"}],"wp:featuredmedia":[{"embeddable":true,"href":"https:\/\/notiissa.mx\/index.php?rest_route=\/wp\/v2\/media\/58625"}],"wp:attachment":[{"href":"https:\/\/notiissa.mx\/index.php?rest_route=%2Fwp%2Fv2%2Fmedia&parent=58624"}],"wp:term":[{"taxonomy":"category","embeddable":true,"href":"https:\/\/notiissa.mx\/index.php?rest_route=%2Fwp%2Fv2%2Fcategories&post=58624"},{"taxonomy":"post_tag","embeddable":true,"href":"https:\/\/notiissa.mx\/index.php?rest_route=%2Fwp%2Fv2%2Ftags&post=58624"}],"curies":[{"name":"wp","href":"https:\/\/api.w.org\/{rel}","templated":true}]}}