{"id":58603,"date":"2023-09-15T15:58:57","date_gmt":"2023-09-15T15:58:57","guid":{"rendered":"https:\/\/notiissa.mx\/?p=58603"},"modified":"2023-09-15T15:58:57","modified_gmt":"2023-09-15T15:58:57","slug":"hoteleros-aeropuerto-de-tulum-no-afectara-al-de-cancun","status":"publish","type":"post","link":"https:\/\/notiissa.mx\/?p=58603","title":{"rendered":"Hoteleros: Aeropuerto de Tulum no afectar\u00e1 al de Canc\u00fan"},"content":{"rendered":"<p>Toni Chaves, presidente de la Asociaci\u00f3n de Hoteles de la Riviera Maya, sorprendi\u00f3 al considerar que el aeropuerto de Tulum no afectar\u00e1 a la terminal de Canc\u00fan, sino al contrario, pues prev\u00e9 que se tendr\u00e1 aumento de vuelos y potenciar\u00e1 los destinos ya \u201cmaduros\u201d de la zona sur del estado.<\/p>\n<p>\u201cEs un tema positivo en el incremento de vuelos, no creemos que quite importancia ni operaciones al de Canc\u00fan, sino representa un incremento al n\u00famero de vuelos\u201d, se\u00f1al\u00f3 Ch\u00e1ves, as\u00ed lo recoge Noticaribe.<\/p>\n<p>As\u00ed mismo, el l\u00edder hotelero manifest\u00f3 que hasta 2025 se proyectan otras cinco mil habitaciones y prev\u00e9 que los nuevos desarrollos hoteleros con el aeropuerto de Tulum se dar\u00e1n en 4 o 5 a\u00f1os.<\/p>\n<p>Como dijo <em>REPORTUR.mx<\/em>, en agosto la gobernadora de Quintana Roo, Mara Lezama, confirm\u00f3 que el Aeropuerto Internacional \u00abFelipe Carrillo Puerto\u00bb de Tulum estar\u00e1 moviendo unos 6.400 pasajeros durante la primera semana a partir del 1 de diciembre en operaciones que realizar\u00e1n Aerom\u00e9xico, Viva Aerob\u00fas y Mexicana de Aviaci\u00f3n, la aerol\u00ednea p\u00fablica que impulsa el presidente Andr\u00e9s Manuel L\u00f3pez Obrador (AMLO), con la ausencia sorpresa de Volaris en contraste a sus grandes competidoras.<\/p>\n","protected":false},"excerpt":{"rendered":"<p>Toni Chaves, presidente de la Asociaci\u00f3n de Hoteles de la Riviera Maya, sorprendi\u00f3 al considerar que el aeropuerto de Tulum no afectar\u00e1 a la terminal de Canc\u00fan, sino al contrario, pues prev\u00e9 que se tendr\u00e1 aumento de vuelos y potenciar\u00e1 los destinos ya \u201cmaduros\u201d de la zona sur del estado. \u201cEs un tema positivo en [&hellip;]<\/p>\n","protected":false},"author":1,"featured_media":58604,"comment_status":"closed","ping_status":"open","sticky":false,"template":"","format":"standard","meta":{"rop_custom_images_group":[],"rop_custom_messages_group":[],"rop_publish_now":"initial","rop_publish_now_accounts":[],"rop_publish_now_history":[],"rop_publish_now_status":"pending","footnotes":""},"categories":[61,66],"tags":[],"class_list":["post-58603","post","type-post","status-publish","format-standard","has-post-thumbnail","hentry","category-economia","category-estilo-de-vida"],"_links":{"self":[{"href":"https:\/\/notiissa.mx\/index.php?rest_route=\/wp\/v2\/posts\/58603","targetHints":{"allow":["GET"]}}],"collection":[{"href":"https:\/\/notiissa.mx\/index.php?rest_route=\/wp\/v2\/posts"}],"about":[{"href":"https:\/\/notiissa.mx\/index.php?rest_route=\/wp\/v2\/types\/post"}],"author":[{"embeddable":true,"href":"https:\/\/notiissa.mx\/index.php?rest_route=\/wp\/v2\/users\/1"}],"replies":[{"embeddable":true,"href":"https:\/\/notiissa.mx\/index.php?rest_route=%2Fwp%2Fv2%2Fcomments&post=58603"}],"version-history":[{"count":1,"href":"https:\/\/notiissa.mx\/index.php?rest_route=\/wp\/v2\/posts\/58603\/revisions"}],"predecessor-version":[{"id":58605,"href":"https:\/\/notiissa.mx\/index.php?rest_route=\/wp\/v2\/posts\/58603\/revisions\/58605"}],"wp:featuredmedia":[{"embeddable":true,"href":"https:\/\/notiissa.mx\/index.php?rest_route=\/wp\/v2\/media\/58604"}],"wp:attachment":[{"href":"https:\/\/notiissa.mx\/index.php?rest_route=%2Fwp%2Fv2%2Fmedia&parent=58603"}],"wp:term":[{"taxonomy":"category","embeddable":true,"href":"https:\/\/notiissa.mx\/index.php?rest_route=%2Fwp%2Fv2%2Fcategories&post=58603"},{"taxonomy":"post_tag","embeddable":true,"href":"https:\/\/notiissa.mx\/index.php?rest_route=%2Fwp%2Fv2%2Ftags&post=58603"}],"curies":[{"name":"wp","href":"https:\/\/api.w.org\/{rel}","templated":true}]}}