{"id":58113,"date":"2023-08-25T20:21:21","date_gmt":"2023-08-25T20:21:21","guid":{"rendered":"https:\/\/notiissa.mx\/?p=58113"},"modified":"2023-08-25T20:21:21","modified_gmt":"2023-08-25T20:21:21","slug":"aeromexico-debuta-en-la-terminal-de-tulum-con-14-vuelos-semanales","status":"publish","type":"post","link":"https:\/\/notiissa.mx\/?p=58113","title":{"rendered":"Aerom\u00e9xico debuta en la terminal de Tulum con 14 vuelos semanales"},"content":{"rendered":"<p>Aerom\u00e9xico iniciar\u00e1 operaciones desde el Aeropuerto Internacional de la Ciudad de M\u00e9xico (AICM) al nuevo Aeropuerto Internacional de Tulum a partir del 1\u00b0 de diciembre, ofreciendo as\u00ed mayor conectividad con el estado de Quintana Roo, especialmente con el sur de la Riviera Maya, como dijo <em>REPORTUR.mx.<\/em><\/p>\n<p>Esta nueva ruta ser\u00e1 una alternativa adicional para los viajeros dom\u00e9sticos e internacionales que tienen origen en destinos como Tijuana, Guadalajara, Aguascalientes, Toronto, San Francisco y Chicago, entre otros.<\/p>\n<p>Los vuelos ser\u00e1n operados con equipos Embraer 190, iniciando con 14 frecuencias semanales. Esta decisi\u00f3n refuerza la presencia de Aerom\u00e9xico en el estado de Quintana Roo, donde la aerol\u00ednea ofrece conectividad hacia y desde Canc\u00fan, Chetumal, Cozumel y ahora Tulum, con una oferta total de m\u00e1s de 221 mil asientos mensuales, lo que representa un incremento de 6% comparado con la operaci\u00f3n actual. Los itinerarios y la venta de boletos estar\u00e1n disponibles en los pr\u00f3ximos d\u00edas.<\/p>\n<p>\u201cComo aerol\u00ednea de bandera de M\u00e9xico, estamos muy contentos de participar en la inauguraci\u00f3n de esta terminal a\u00e9rea porque, adem\u00e1s de que ser\u00e1 una gran instalaci\u00f3n aeroportuaria, muchos de nuestros clientes tienen como destino final Tulum y el sur de la Riviera Maya, que son referente internacional por la riqueza tur\u00edstica que ofrece nuestro pa\u00eds\u201d, coment\u00f3 Jos\u00e9 Zapata, Vicepresidente de Ventas M\u00e9xico de Aerom\u00e9xico.<\/p>\n<p>&nbsp;<\/p>\n<p>&nbsp;<\/p>\n","protected":false},"excerpt":{"rendered":"<p>Aerom\u00e9xico iniciar\u00e1 operaciones desde el Aeropuerto Internacional de la Ciudad de M\u00e9xico (AICM) al nuevo Aeropuerto Internacional de Tulum a partir del 1\u00b0 de diciembre, ofreciendo as\u00ed mayor conectividad con el estado de Quintana Roo, especialmente con el sur de la Riviera Maya, como dijo REPORTUR.mx. Esta nueva ruta ser\u00e1 una alternativa adicional para los [&hellip;]<\/p>\n","protected":false},"author":1,"featured_media":58114,"comment_status":"closed","ping_status":"open","sticky":false,"template":"","format":"standard","meta":{"rop_custom_images_group":[],"rop_custom_messages_group":[],"rop_publish_now":"initial","rop_publish_now_accounts":[],"rop_publish_now_history":[],"rop_publish_now_status":"pending","footnotes":""},"categories":[61,66],"tags":[],"class_list":["post-58113","post","type-post","status-publish","format-standard","has-post-thumbnail","hentry","category-economia","category-estilo-de-vida"],"_links":{"self":[{"href":"https:\/\/notiissa.mx\/index.php?rest_route=\/wp\/v2\/posts\/58113","targetHints":{"allow":["GET"]}}],"collection":[{"href":"https:\/\/notiissa.mx\/index.php?rest_route=\/wp\/v2\/posts"}],"about":[{"href":"https:\/\/notiissa.mx\/index.php?rest_route=\/wp\/v2\/types\/post"}],"author":[{"embeddable":true,"href":"https:\/\/notiissa.mx\/index.php?rest_route=\/wp\/v2\/users\/1"}],"replies":[{"embeddable":true,"href":"https:\/\/notiissa.mx\/index.php?rest_route=%2Fwp%2Fv2%2Fcomments&post=58113"}],"version-history":[{"count":1,"href":"https:\/\/notiissa.mx\/index.php?rest_route=\/wp\/v2\/posts\/58113\/revisions"}],"predecessor-version":[{"id":58115,"href":"https:\/\/notiissa.mx\/index.php?rest_route=\/wp\/v2\/posts\/58113\/revisions\/58115"}],"wp:featuredmedia":[{"embeddable":true,"href":"https:\/\/notiissa.mx\/index.php?rest_route=\/wp\/v2\/media\/58114"}],"wp:attachment":[{"href":"https:\/\/notiissa.mx\/index.php?rest_route=%2Fwp%2Fv2%2Fmedia&parent=58113"}],"wp:term":[{"taxonomy":"category","embeddable":true,"href":"https:\/\/notiissa.mx\/index.php?rest_route=%2Fwp%2Fv2%2Fcategories&post=58113"},{"taxonomy":"post_tag","embeddable":true,"href":"https:\/\/notiissa.mx\/index.php?rest_route=%2Fwp%2Fv2%2Ftags&post=58113"}],"curies":[{"name":"wp","href":"https:\/\/api.w.org\/{rel}","templated":true}]}}