{"id":58098,"date":"2023-08-25T00:38:48","date_gmt":"2023-08-25T00:38:48","guid":{"rendered":"https:\/\/notiissa.mx\/?p=58098"},"modified":"2023-08-25T00:38:48","modified_gmt":"2023-08-25T00:38:48","slug":"no-olvides-pasar-por-tu-apoyo-paam-este-viernes-25-de-agosto","status":"publish","type":"post","link":"https:\/\/notiissa.mx\/?p=58098","title":{"rendered":"No olvides pasar por tu apoyo PAAM este viernes 25 de agosto"},"content":{"rendered":"<p><em>\u00a0Beneficiarios podr\u00e1n asistir a los centros comunitarios Santa Rosa, Lealtad I y Lealtad II.<\/em><\/p>\n<p><strong>Ciudad de Chihuahua.<\/strong>&#8211; Informa el\u00a0 DIF Municipal a la ciudadan\u00eda que este viernes 25 de agosto,\u00a0 beneficiarios del Programa Alimentario del Adulto Mayor (PAAM) podr\u00e1n acudir por su apoyo\u00a0 a los centros comunitarios:<\/p>\n<p>\u2022 Santa Rosa, a las 11:30 horas.<\/p>\n<p>\u2022 Lealtad I, a las 12:30 horas.<\/p>\n<p>\u2022 Lealtad II, a las 14:00 horas.<\/p>\n<p>Las y los adultos mayores deben acudir con el carnet que se les otorg\u00f3 al convertirse en beneficiarios del programa; asimismo, se les dar\u00e1 preferencia a las personas que se\u00f1alaron, en su registro, este centro comunitario como lugar para recoger su apoyo alimentario.<\/p>\n<p>Se exhorta a las y los beneficiarios a acudir a su centro comunitario, fecha y hora correspondiente para evitar cualquier incidente derivado de las altas temperaturas que se presentan en la Capital.<\/p>\n<p>Para mayores informes, podr\u00e1n comunicarse al 072 en las extensiones 2232 y 2239 o bien, acercarse a las instalaciones del DIF Municipal en avenida Glandorf, n\u00famero 4106, frente al Club de Leones, de lunes a viernes en un horario de 9:00 am a 3:30 pm.<\/p>\n","protected":false},"excerpt":{"rendered":"<p>\u00a0Beneficiarios podr\u00e1n asistir a los centros comunitarios Santa Rosa, Lealtad I y Lealtad II. Ciudad de Chihuahua.&#8211; Informa el\u00a0 DIF Municipal a la ciudadan\u00eda que este viernes 25 de agosto,\u00a0 beneficiarios del Programa Alimentario del Adulto Mayor (PAAM) podr\u00e1n acudir por su apoyo\u00a0 a los centros comunitarios: \u2022 Santa Rosa, a las 11:30 horas. \u2022 [&hellip;]<\/p>\n","protected":false},"author":1,"featured_media":58099,"comment_status":"closed","ping_status":"open","sticky":false,"template":"","format":"standard","meta":{"rop_custom_images_group":[],"rop_custom_messages_group":[],"rop_publish_now":"initial","rop_publish_now_accounts":[],"rop_publish_now_history":[],"rop_publish_now_status":"pending","footnotes":""},"categories":[67],"tags":[],"class_list":["post-58098","post","type-post","status-publish","format-standard","has-post-thumbnail","hentry","category-ciudad"],"_links":{"self":[{"href":"https:\/\/notiissa.mx\/index.php?rest_route=\/wp\/v2\/posts\/58098","targetHints":{"allow":["GET"]}}],"collection":[{"href":"https:\/\/notiissa.mx\/index.php?rest_route=\/wp\/v2\/posts"}],"about":[{"href":"https:\/\/notiissa.mx\/index.php?rest_route=\/wp\/v2\/types\/post"}],"author":[{"embeddable":true,"href":"https:\/\/notiissa.mx\/index.php?rest_route=\/wp\/v2\/users\/1"}],"replies":[{"embeddable":true,"href":"https:\/\/notiissa.mx\/index.php?rest_route=%2Fwp%2Fv2%2Fcomments&post=58098"}],"version-history":[{"count":1,"href":"https:\/\/notiissa.mx\/index.php?rest_route=\/wp\/v2\/posts\/58098\/revisions"}],"predecessor-version":[{"id":58100,"href":"https:\/\/notiissa.mx\/index.php?rest_route=\/wp\/v2\/posts\/58098\/revisions\/58100"}],"wp:featuredmedia":[{"embeddable":true,"href":"https:\/\/notiissa.mx\/index.php?rest_route=\/wp\/v2\/media\/58099"}],"wp:attachment":[{"href":"https:\/\/notiissa.mx\/index.php?rest_route=%2Fwp%2Fv2%2Fmedia&parent=58098"}],"wp:term":[{"taxonomy":"category","embeddable":true,"href":"https:\/\/notiissa.mx\/index.php?rest_route=%2Fwp%2Fv2%2Fcategories&post=58098"},{"taxonomy":"post_tag","embeddable":true,"href":"https:\/\/notiissa.mx\/index.php?rest_route=%2Fwp%2Fv2%2Ftags&post=58098"}],"curies":[{"name":"wp","href":"https:\/\/api.w.org\/{rel}","templated":true}]}}