{"id":5796,"date":"2015-09-29T02:06:40","date_gmt":"2015-09-29T02:06:40","guid":{"rendered":"http:\/\/notiissa.mx\/?p=5796"},"modified":"2015-09-29T02:06:40","modified_gmt":"2015-09-29T02:06:40","slug":"inicia-operaciones-cineteca-nacional-en-camargo","status":"publish","type":"post","link":"https:\/\/notiissa.mx\/?p=5796","title":{"rendered":"Inicia operaciones Cineteca Nacional en Camargo"},"content":{"rendered":"<p id=\"yui_3_16_0_1_1443491826921_2774\"><span id=\"yui_3_16_0_1_1443491826921_2829\" lang=\"ES-MX\"><span id=\"yui_3_16_0_1_1443491826921_2828\">\u00a0<\/span><\/span><span id=\"yui_3_16_0_1_1443491826921_2773\" lang=\"ES-MX\">Tiene Chihuahua cinco extensiones de la Cineteca<\/span><\/p>\n<hr \/>\n<p>&nbsp;<\/p>\n<p id=\"yui_3_16_0_1_1443491826921_2804\" class=\"yiv5077385539MsoNormal\" style=\"text-align: justify;\"><span id=\"yui_3_16_0_1_1443491826921_2803\" lang=\"ES-MX\">Carmago.- El director del Instituto Chihuahuense de la Cultura\u00a0 Sergio Reaza Esc\u00e1rcega y el presidente Municipal de Camargo,\u00a0 Jos\u00e9 de Jes\u00fas S\u00e1enz Gabald\u00f3n, acompa\u00f1ados del director de cine y guonista Ren\u00e9 de Jes\u00fas Garc\u00eda Pereyra y los actores Marcelo C\u00f3rdova, Mike Tena y Jorge Becerril, encabezaron la proyecci\u00f3n de la primer pel\u00edcula en la Cineteca Nacional extensi\u00f3n Camargo, que inici\u00f3 operaciones este lunes 28 de septiembre en el Teatro de la ciudad de este Municipio.<\/span><\/p>\n<p id=\"yui_3_16_0_1_1443491826921_2839\" class=\"yiv5077385539MsoNormal\" style=\"text-align: justify;\"><span id=\"yui_3_16_0_1_1443491826921_2838\" lang=\"ES-MX\">La quinta extensi\u00f3n de la Cineteca Nacional en el estado de Chihuahua se consolid\u00f3 en el Teatro de la Ciudad de Santa Rosal\u00eda de Camargo, cuna de numerosos artistas chihuahuenses, y que ahora aprovecha este recinto cultural para las proyecciones de cine mexicano e internacional que mes con mes estrenar\u00e1 programaci\u00f3n. <\/span><\/p>\n<p id=\"yui_3_16_0_1_1443491826921_2842\" class=\"yiv5077385539MsoNormal\" style=\"text-align: justify;\"><span id=\"yui_3_16_0_1_1443491826921_2841\" lang=\"ES-MX\">El director del Instituto Chihuahuense de la Cultura,\u00a0 Sergio Reaza, destac\u00f3 que no hay mejor lugar que Camargo, para albergar esta sede del cine, por ser cuna de numerosos artistas, por su historia y cultura. <\/span><\/p>\n<p id=\"yui_3_16_0_1_1443491826921_2844\" class=\"yiv5077385539MsoNormal\" style=\"text-align: justify;\"><span id=\"yui_3_16_0_1_1443491826921_2843\" lang=\"ES-MX\">\u201cEn Chihuahua la cultura se vive, y el arte y la cultura est\u00e1n en la agenda de todos los d\u00edas\u201d, indic\u00f3 el director del ICHICULT, quien asegur\u00f3 es parte de las indicaciones del Gobernador C\u00e9sar Duarte, por lo que inform\u00f3 que con apoyo del Ayumtamiento de Camargo, este lugar fue acondicionado para albergar de manera permanente la Cineteca beneficiando a cientos de familias de este municipio.\u00a0 <\/span><\/p>\n<p id=\"yui_3_16_0_1_1443491826921_2846\" class=\"yiv5077385539MsoNormal\" style=\"text-align: justify;\"><span id=\"yui_3_16_0_1_1443491826921_2845\" lang=\"ES-MX\">Jos\u00e9 de Jes\u00fas Sa\u00e9nz, agradeci\u00f3 el apoyo del Gobierno del estado y de la secretar\u00eda de educaci\u00f3n, ya que en Camargo se ha hecho latente la demanda de expresiones culturales como lo es el cine, por lo que esta sede de la Cineteca vendr\u00e1 a cambiar la perspectiva de miles de j\u00f3venes, adem\u00e1s de servir como un nuevo espacio de recreaci\u00f3n y esparcimiento. <\/span><\/p>\n<p id=\"yui_3_16_0_1_1443491826921_2848\" class=\"yiv5077385539MsoNormal\" style=\"text-align: justify;\"><span id=\"yui_3_16_0_1_1443491826921_2847\" lang=\"ES-MX\">En el evento se cont\u00f3 con la presencia de los actores: Miguel \u00c1ngel Tena Peinado, mejor conocido como Mike Tena, Jorge Becerril, el argentino Marcelo Alejandro C\u00f3rdoba, Jairo Sifuentes y Isis Kiwen, productores y cineastas del estado; Dora Mart\u00ednez, hermana de Gonzalo Mart\u00ednez, y decenas de estudiantes de la Universidad Tecnol<\/span><span lang=\"ES\">\u00f3<\/span><span lang=\"ES-MX\">gica de Camargo y del Colegio de Bachilleres.<\/span><\/p>\n<p id=\"yui_3_16_0_1_1443491826921_2851\" class=\"yiv5077385539MsoNormal\" style=\"text-align: justify;\"><span id=\"yui_3_16_0_1_1443491826921_2850\" lang=\"ES-MX\">Es as\u00ed como a partir de este 28 de septiembre, los camarguenses podr\u00e1n disfrutar de una funci\u00f3n diaria con un costo m\u00ednimo de recuperaci\u00f3n por $20.00 pesos, de las propuestas de exitosos productores cinematogr\u00e1ficos como Gonzalo Mart\u00ednez Ortega, director de la pel\u00edcula \u201cLonguitud de Guerra\u201d con la que dio inicio la programaci\u00f3n permamente de la cineteca. <\/span><\/p>\n<p class=\"yiv5077385539MsoNormal\" style=\"text-align: justify;\"><span lang=\"ES-MX\">Hasta el 3 de octubre las funciones ser\u00e1n gratuitas, a fin de que llegue a toda los habitantes el proyecto que rescatar\u00e1 las inquitudes cinematograficas de los mismos, como lo propuso el presidente Municipal y y que busca gestionar al talento art\u00ecstico que a lo largo de a\u00f1os posicion\u00f3 a Camargo a nivel internacional. <\/span><\/p>\n<p id=\"yui_3_16_0_1_1443491826921_2863\" class=\"yiv5077385539MsoNormal\" style=\"text-align: justify;\"><span id=\"yui_3_16_0_1_1443491826921_2865\" lang=\"ES-MX\">En los primeros d\u00edas \u00a0se proyectar\u00e1n en la cineteca con una funci\u00f3n diaria a las 6:00 p.m. las pel\u00edculas mexicanas: \u00a0\u201cLongitud de guerra\u201d, lunes 28 y martes 29; <\/span><span lang=\"ES\">\u201c<\/span><span id=\"yui_3_16_0_1_1443491826921_2864\" lang=\"ES-MX\">Mec\u00e1nica Nacional\u201d el mi\u00e9rcoles 30 y jueves 1 de octubre, y \u201cLos Ins\u00f3listos Peces Gato\u201d, viernes 2 y s\u00e1bado 3 de octubre.<\/span><\/p>\n<p id=\"yui_3_16_0_1_1443491826921_2853\" class=\"yiv5077385539MsoNormal\"><span lang=\"ES-MX\">\u00a0<\/span><\/p>\n","protected":false},"excerpt":{"rendered":"<p>\u00a0Tiene Chihuahua cinco extensiones de la Cineteca &nbsp; Carmago.- El director del Instituto Chihuahuense de la Cultura\u00a0 Sergio Reaza Esc\u00e1rcega y el presidente Municipal de Camargo,\u00a0 Jos\u00e9 de Jes\u00fas S\u00e1enz Gabald\u00f3n, acompa\u00f1ados del director de cine y guonista Ren\u00e9 de Jes\u00fas Garc\u00eda Pereyra y los actores Marcelo C\u00f3rdova, Mike Tena y Jorge Becerril, encabezaron la [&hellip;]<\/p>\n","protected":false},"author":1,"featured_media":5797,"comment_status":"open","ping_status":"open","sticky":false,"template":"","format":"standard","meta":{"rop_custom_images_group":[],"rop_custom_messages_group":[],"rop_publish_now":"initial","rop_publish_now_accounts":[],"rop_publish_now_history":[],"rop_publish_now_status":"pending","footnotes":""},"categories":[62],"tags":[23],"class_list":["post-5796","post","type-post","status-publish","format-standard","has-post-thumbnail","hentry","category-cultura","tag-destacado"],"_links":{"self":[{"href":"https:\/\/notiissa.mx\/index.php?rest_route=\/wp\/v2\/posts\/5796","targetHints":{"allow":["GET"]}}],"collection":[{"href":"https:\/\/notiissa.mx\/index.php?rest_route=\/wp\/v2\/posts"}],"about":[{"href":"https:\/\/notiissa.mx\/index.php?rest_route=\/wp\/v2\/types\/post"}],"author":[{"embeddable":true,"href":"https:\/\/notiissa.mx\/index.php?rest_route=\/wp\/v2\/users\/1"}],"replies":[{"embeddable":true,"href":"https:\/\/notiissa.mx\/index.php?rest_route=%2Fwp%2Fv2%2Fcomments&post=5796"}],"version-history":[{"count":1,"href":"https:\/\/notiissa.mx\/index.php?rest_route=\/wp\/v2\/posts\/5796\/revisions"}],"predecessor-version":[{"id":5798,"href":"https:\/\/notiissa.mx\/index.php?rest_route=\/wp\/v2\/posts\/5796\/revisions\/5798"}],"wp:featuredmedia":[{"embeddable":true,"href":"https:\/\/notiissa.mx\/index.php?rest_route=\/wp\/v2\/media\/5797"}],"wp:attachment":[{"href":"https:\/\/notiissa.mx\/index.php?rest_route=%2Fwp%2Fv2%2Fmedia&parent=5796"}],"wp:term":[{"taxonomy":"category","embeddable":true,"href":"https:\/\/notiissa.mx\/index.php?rest_route=%2Fwp%2Fv2%2Fcategories&post=5796"},{"taxonomy":"post_tag","embeddable":true,"href":"https:\/\/notiissa.mx\/index.php?rest_route=%2Fwp%2Fv2%2Ftags&post=5796"}],"curies":[{"name":"wp","href":"https:\/\/api.w.org\/{rel}","templated":true}]}}