{"id":5786,"date":"2015-09-28T22:24:35","date_gmt":"2015-09-28T22:24:35","guid":{"rendered":"http:\/\/notiissa.mx\/?p=5786"},"modified":"2015-09-28T22:24:35","modified_gmt":"2015-09-28T22:24:35","slug":"putin-habla-en-la-onu-por-primera-vez-en-10-anos","status":"publish","type":"post","link":"https:\/\/notiissa.mx\/?p=5786","title":{"rendered":"Putin habla en la ONU por primera vez en 10 a\u00f1os"},"content":{"rendered":"<div class=\"arcticle-summary\">\n<p style=\"text-align: justify;\">El presidente de Rusia, Vlad\u00edmir Putin, habl\u00f3 en el marco del debate general de la 70.\u00aa Asamblea General de la ONU, por primera vez en 10 a\u00f1os. Abarc\u00f3 un gran n\u00famero de temas, incluyendo la necesidad de una coalici\u00f3n internacional en contra del Estado Isl\u00e1mico y de poner fin a la expansi\u00f3n de la OTAN.<\/p>\n<\/div>\n<div class=\"arcticle-content\">\n<h4 style=\"text-align: justify;\">Todo aquello que est\u00e1 en el marco de la carta de la ONU debe ser apoyado, y todo lo que va en contra debe rechazarse.<\/h4>\n<p style=\"text-align: justify;\">Durante su intervenci\u00f3n en el marco del debate general de la Asamblea General de la ONU el presidente ruso conden\u00f3 las acciones de los pa\u00edses que optaron por la v\u00eda violenta de la intervenci\u00f3n en pa\u00edses como Siria, Irak y Libia, creando un caos pol\u00edtico y un vac\u00edo que posteriormente ocuparon los terroristas.<\/p>\n<p style=\"text-align: justify;\">\u00ab\u00daltimamente se pueden escuchar muchas cr\u00edticas contra la ONU\u00bb, empez\u00f3 su intervenci\u00f3n <a href=\"http:\/\/actualidad.rt.com\/actualidad\/170507-vladimir-putin-presidente-rusia\" target=\"_blank\">Vlad\u00edmir Putin<\/a>, comentando que a lo largo de la historia las decisiones de la ONU se han visto ensombrecidas por las dificultades y la ausencia de consenso, ante todo en el marco del Consejo de Seguridad de la ONU.\u00a0\u00abPero las discrepancias han existido siempre, igual que siempre se ha aplicado el derecho a veto\u00bb, insisti\u00f3.<\/p>\n<blockquote><p>Resulta imposible seguir aguantando el orden mundial que hay en el mundo<\/p><\/blockquote>\n<p style=\"text-align: justify;\">\u00abAlgunos pa\u00edses han empezado a pensar que si son fuertes pueden ignorar a la ONU\u00bb, dijo el presidente ruso criticando las decisiones de actuar sin contar con la organizaci\u00f3n.\u00a0\u00abLa injerencia agresiva caus\u00f3 la destrucci\u00f3n total y la cat\u00e1strofe social\u00bb, agreg\u00f3, condenando tambi\u00e9n la &#8216;exportaci\u00f3n&#8217; de las \u00abdenominadas revoluciones democr\u00e1ticas\u00bb. \u00abResulta imposible seguir aguantando el orden mundial que hay en el mundo\u00bb, insisti\u00f3.<\/p>\n<p style=\"text-align: justify;\">Seg\u00fan Putin, el vac\u00edo creado en el Oriente Medio y en Norte de \u00c1frica por ciertos actores extranjeros tuvo como resultado la aparici\u00f3n del <a href=\"http:\/\/actualidad.rt.com\/actualidad\/164747-estado-islamico-irak-siria\" target=\"_blank\">Estado Isl\u00e1mico<\/a>\u00a0(EI).<\/p>\n<p style=\"text-align: justify;\">\u00abTodos los intentos de jugar con los terroristas, de financiarlos, son fatales y pueden tener consecuencias catastr\u00f3ficas\u00bb, resalt\u00f3.\u00a0\u00abSe\u00f1ores, se est\u00e1n metiendo con gente muy cruel, pero no son tontos ni primitivos. Ellos no son m\u00e1s tontos que ustedes, y qui\u00e9n sabe qui\u00e9n utiliza a qui\u00e9n para sus propios fines\u00bb, <a href=\"http:\/\/actualidad.rt.com\/actualidad\/187137-putin-estado-islamico-tontos-onu-terrorismo\" target=\"_blank\">se\u00f1al\u00f3<\/a>.<\/p>\n<p style=\"text-align: justify;\">De acuerdo con Putin, \u00ablas duras declaraciones sobre la lucha contra el terrorismo\u00bb emitidas por aquellos pa\u00edses que utilizan a extremistas para lograr sus objetivos son \u00abhip\u00f3critas\u00bb.<\/p>\n<blockquote><p>Se\u00f1ores, se est\u00e1n metiendo con gente muy cruel, pero no son tontos ni primitivos<\/p><\/blockquote>\n<p style=\"text-align: justify;\">Seg\u00fan \u00e9l, el EI\u00a0est\u00e1 nutrido por exsoldados iraqu\u00edes, libios, y tambi\u00e9n por opositores moderados sirios, apoyados por Occidente.<\/p>\n<p style=\"text-align: justify;\">\u00abQuiero dirigirme a todos aquellos que ayudaron desde fuera a avivar los conflictos en Oriente Medio y en \u00c1frica: \u00bfSe dan cuenta de lo que han hecho?\u00bb, <a href=\"http:\/\/actualidad.rt.com\/actualidad\/187134-putin-generar-conflictos-oriente-medio\" target=\"_blank\">expres\u00f3<\/a>\u00a0el mandatario ruso.<\/p>\n<p style=\"text-align: justify;\">\u00abLos ide\u00f3logos de los yihadistas se burlan del islam, lo desfiguran\u00bb, insisti\u00f3 Putin.\u00a0Hay que advertir a aquellos que se sienten atra\u00eddos por la ideolog\u00eda del EI\u00a0que no se unan a sus filas y hay que ayudar a los que ya lo hicieron a abandonar a los terroristas, propuso el mandatario ruso.<\/p>\n<h4 style=\"text-align: justify;\">La seguridad debe ser para todos, y no solo para los excepcionales.<\/h4>\n<p style=\"text-align: justify;\">El presidente ruso <a href=\"http:\/\/actualidad.rt.com\/actualidad\/187138-putin-crear-amplia-coalicion-estado-islamico\" target=\"_blank\">propuso<\/a>\u00a0crear una \u00abamplia coalici\u00f3n internacional\u00bb en contra de\u00a0terroristas bas\u00e1ndose en \u00abambiciones y valores comunes\u00bb, as\u00ed como \u00abel derecho internacional\u00bb.\u00a0Seg\u00fan \u00e9l es necesaria \u00abuna resoluci\u00f3n para coordinar todas las fuerzas que se oponen al Estado Isl\u00e1mico\u00bb basada en la carta de la ONU.<\/p>\n<p style=\"text-align: justify;\">\u00abLos pa\u00edses musulmanes tienen que ser participantes claves de esa coalici\u00f3n\u00bb, dijo Putin, explicando\u00a0que el Estado Isl\u00e1mico no solo los \u00abamenaza directamente\u00bb, sino que tambi\u00e9n \u00abmancha su religi\u00f3n\u00bb.<\/p>\n<h4 style=\"text-align: justify;\">Es un gran error no cooperar con las fuerzas del gobierno de Siria.<\/h4>\n<p>\u00abSolo el Ej\u00e9rcito sirio y los curdos luchan de forma real contra el EI\u00bb, insisti\u00f3 el presidente ruso, agregando que ser\u00eda un profundo error negarse a cooperar con las autoridades sirias, ya que el gobierno del presidente\u00a0Bashar Al Assad, \u00bb que\u00a0est\u00e1 luchando con coraje contra el terrorismo\u00bb, <a href=\"http:\/\/actualidad.rt.com\/actualidad\/187136-putin-error-negarse-cooperar-assad\" target=\"_blank\">dijo<\/a>.<\/p>\n<p style=\"text-align: justify;\">\u00abRusia siempre ha tenido una postura firme en contra del terrorismo en todas sus formas\u00bb, insisti\u00f3 Putin. Con este fin \u00abhoy estamos proporcionando ayuda militar a Irak, Siria y otros pa\u00edses de la regi\u00f3n\u00bb, afirm\u00f3.<\/p>\n<h4 style=\"text-align: justify;\">El golpe armado en Ucrania\u00a0fue orquestado desde el exterior.<\/h4>\n<p style=\"text-align: justify;\">El presidente ruso abord\u00f3 tambi\u00e9n la cuesti\u00f3n del <a href=\"http:\/\/actualidad.rt.com\/themes\/view\/112919-ucrania-revolucion-protestas-ue\" target=\"_blank\">conflicto ucraniano<\/a>, insistiendo en que el \u00abgolpe armado\u00bb en ese pa\u00eds fue \u00aborquestado desde el exterior\u00bb.<\/p>\n<p style=\"text-align: justify;\">Seg\u00fan \u00e9l, la culpa es de la OTAN y de los pa\u00edses occidentales, que en su momento pusieron a los antiguos miembros de la URSS ante \u00abla falsa alternativa\u00bb de escoger entre Rusia y Occidente.\u00a0Si la URSS y el Pacto de Varsovia han dejado de existir, \u00bfpor qu\u00e9 la OTAN no solo todav\u00eda existe, sino que sigue expandi\u00e9ndose?, pregunt\u00f3 el mandatorio.<\/p>\n<p style=\"text-align: justify;\">Conden\u00f3 tambi\u00e9n las sanciones antirrusas por el conflicto en Ucrania, una medida que en realidad \u00absirve de instrumento para eliminar la competencia en el mercado\u00bb.<\/p>\n<p style=\"text-align: justify;\">Habl\u00f3\u00a0adem\u00e1s sobre\u00a0\u00abel problema de refugiados\u00bb que de acuerdo a \u00e9l se resuelve con el restablecimiento del Estado all\u00ed donde fue destruido\u00bb.<\/p>\n<p style=\"text-align: justify;\">Otro de los temas sobre los que se pronunci\u00f3 el presidente ruso fue la necesidad de crear un organismo para tratar las cuestiones relacionadas con los recursos naturales y el cambio clim\u00e1tico.<\/p>\n<p style=\"text-align: justify;\">Vlad\u00edmir Putin\u00a0asisti\u00f3\u00a0a\u00a0la <a href=\"http:\/\/actualidad.rt.com\/actualidad\/187033-salas-secretas-olor-azufre-historia-onu-naciones-unidas\" target=\"_blank\">Asamblea General<\/a>\u00a0por primera vez en 10 a\u00f1os. Anteriormente particip\u00f3 en tres ocasiones: en 2000, 2003 y 2005.<\/p>\n<p style=\"text-align: justify;\">Est\u00e1 previsto que despu\u00e9s de su intervenci\u00f3n el presidente ruso mantendr\u00e1 un\u00a0encuentro con el secretario general de la <a href=\"http:\/\/actualidad.rt.com\/actualidad\/167479-organizacion-naciones-unidas-onu\" target=\"_blank\">ONU<\/a>, Ban Ki-moon, as\u00ed como con el presidente de EE.UU., <a href=\"http:\/\/actualidad.rt.com\/actualidad\/166596-presidente-barack-obama-eeuu\" target=\"_blank\">Barack Obama<\/a>\u00a0y el primer-ministro de Jap\u00f3n,\u00a0Shinzo Abe.<\/p>\n<p>Despu\u00e9s de que Putin abandone Nueva York, donde tiene lugar la Asamblea, la delegaci\u00f3n rusa estar\u00e1 encabezada por el ministro de Exteriores, <a href=\"http:\/\/actualidad.rt.com\/actualidad\/164633-lavrov-politica-rusia\" target=\"_blank\">Sergu\u00e9i Lavrov<\/a>. La \u00faltima vez que un presidente ruso asisti\u00f3\u00a0en el debate general de la Asamblea fue en 2009, cuando el mandatario era <a href=\"http:\/\/actualidad.rt.com\/actualidad\/170144-dmitri-medvedev-rusia-primer-ministro\" target=\"_blank\">Dmitri Medv\u00e9dev<\/a>.<\/p>\n<p>&nbsp;<\/p>\n<p style=\"text-align: justify;\">\n<\/div>\n","protected":false},"excerpt":{"rendered":"<p>El presidente de Rusia, Vlad\u00edmir Putin, habl\u00f3 en el marco del debate general de la 70.\u00aa Asamblea General de la ONU, por primera vez en 10 a\u00f1os. Abarc\u00f3 un gran n\u00famero de temas, incluyendo la necesidad de una coalici\u00f3n internacional en contra del Estado Isl\u00e1mico y de poner fin a la expansi\u00f3n de la OTAN. [&hellip;]<\/p>\n","protected":false},"author":1,"featured_media":5787,"comment_status":"open","ping_status":"open","sticky":false,"template":"","format":"standard","meta":{"rop_custom_images_group":[],"rop_custom_messages_group":[],"rop_publish_now":"initial","rop_publish_now_accounts":[],"rop_publish_now_history":[],"rop_publish_now_status":"pending","footnotes":""},"categories":[60],"tags":[],"class_list":["post-5786","post","type-post","status-publish","format-standard","has-post-thumbnail","hentry","category-sonnoticia"],"_links":{"self":[{"href":"https:\/\/notiissa.mx\/index.php?rest_route=\/wp\/v2\/posts\/5786","targetHints":{"allow":["GET"]}}],"collection":[{"href":"https:\/\/notiissa.mx\/index.php?rest_route=\/wp\/v2\/posts"}],"about":[{"href":"https:\/\/notiissa.mx\/index.php?rest_route=\/wp\/v2\/types\/post"}],"author":[{"embeddable":true,"href":"https:\/\/notiissa.mx\/index.php?rest_route=\/wp\/v2\/users\/1"}],"replies":[{"embeddable":true,"href":"https:\/\/notiissa.mx\/index.php?rest_route=%2Fwp%2Fv2%2Fcomments&post=5786"}],"version-history":[{"count":1,"href":"https:\/\/notiissa.mx\/index.php?rest_route=\/wp\/v2\/posts\/5786\/revisions"}],"predecessor-version":[{"id":5788,"href":"https:\/\/notiissa.mx\/index.php?rest_route=\/wp\/v2\/posts\/5786\/revisions\/5788"}],"wp:featuredmedia":[{"embeddable":true,"href":"https:\/\/notiissa.mx\/index.php?rest_route=\/wp\/v2\/media\/5787"}],"wp:attachment":[{"href":"https:\/\/notiissa.mx\/index.php?rest_route=%2Fwp%2Fv2%2Fmedia&parent=5786"}],"wp:term":[{"taxonomy":"category","embeddable":true,"href":"https:\/\/notiissa.mx\/index.php?rest_route=%2Fwp%2Fv2%2Fcategories&post=5786"},{"taxonomy":"post_tag","embeddable":true,"href":"https:\/\/notiissa.mx\/index.php?rest_route=%2Fwp%2Fv2%2Ftags&post=5786"}],"curies":[{"name":"wp","href":"https:\/\/api.w.org\/{rel}","templated":true}]}}