{"id":5768,"date":"2015-09-27T21:21:16","date_gmt":"2015-09-27T21:21:16","guid":{"rendered":"http:\/\/notiissa.mx\/?p=5768"},"modified":"2015-09-27T21:21:16","modified_gmt":"2015-09-27T21:21:16","slug":"piden-acciones-de-politicas-publicas-para-el-campo-mexicano","status":"publish","type":"post","link":"https:\/\/notiissa.mx\/?p=5768","title":{"rendered":"Piden acciones de pol\u00edticas p\u00fablicas para el campo mexicano"},"content":{"rendered":"<p style=\"text-align: justify;\">A nombre de los representantes de las cadenas productivas agroalimentarias del pa\u00eds, el presidente del CNA, Benjam\u00edn Grayeb Ruiz, extern\u00f3 el inter\u00e9s de sumarse al proyecto encabezado por el Presidente Enrique Pe\u00f1a Nieto de instrumentar pol\u00edticas p\u00fablicas que distingan e integren la parte del desarrollo productivo con la del desarrollo rural.<\/p>\n<p style=\"text-align: justify;\">\u2022 En reuni\u00f3n con integrantes del Consejo Nacional Agropecuario (CNA), el titular de SAGARPA, Jos\u00e9 Calzada Rovirosa, asegur\u00f3 que el objetivo de un trabajo conjunto entre el gobierno y la sociedad es \u201cbrindar mejores condiciones para nuestra gente y un pa\u00eds mucho m\u00e1s vigoroso en lo econ\u00f3mico\u201d.<\/p>\n<p>\u2022 Se aplicar\u00e1n los recursos de la dependencia con eficacia, transparencia y honestidad, enfocados en atender de forma equilibrada tanto a los productores de alto potencial como a los que esperan la solidaridad y el acompa\u00f1amiento del Gobierno de la Rep\u00fablica: Calzada Rovirosa.<\/p>\n<p style=\"text-align: justify;\">Con acciones concertadas entre todos los actores del sector agropecuario y pesquero se organizar\u00e1 el trabajo, las pol\u00edticas p\u00fablicas y los programas para dignificar y potenciar el desarrollo del campo mexicano, afirm\u00f3 el secretario de Agricultura, Ganader\u00eda, Desarrollo Rural, Pesca y Alimentaci\u00f3n, Jos\u00e9 Calzada Rovirosa.<\/p>\n<p style=\"text-align: justify;\">En esta din\u00e1mica, se\u00f1al\u00f3, se aplicar\u00e1n los recursos de la dependencia con eficacia, transparencia y honestidad, enfocados en atender de forma equilibrada tanto a los productores de alto potencial como a los que esperan la solidaridad y el acompa\u00f1amiento del Gobierno de la Rep\u00fablica para su crecimiento productivo y social.<\/p>\n<p style=\"text-align: justify;\">Durante una sesi\u00f3n de trabajo con productores y agroempresarios del Consejo Nacional Agropecuario (CNA) \u2013organismo que participa con el 75 por ciento del Producto Interno Bruto (PIB) agroalimentario-, el titular de la SAGARPA los convoc\u00f3 a trabajar unidos por el engrandecimiento del sector primario nacional.<\/p>\n<p style=\"text-align: justify;\">\u201cTenemos hoy la gran posibilidad de detonar a\u00fan m\u00e1s al sector con el compromiso y la convicci\u00f3n de trabajar juntos, con esta instrucci\u00f3n que nos ha dado el Presidente de la Rep\u00fablica de dejar los escritorios para salir a la calle donde se hacen las pol\u00edticas sociales a favor de nuestro \u00e1mbito\u201d, subray\u00f3.<\/p>\n<p style=\"text-align: justify;\">Asegur\u00f3 que con estas medidas se har\u00e1n mejor las cosas, ya que incluyen acciones integrales para dignificar y seguir creciendo, toda vez que m\u00e1s del 25 por ciento de la poblaci\u00f3n en M\u00e9xico vive en y del campo, por lo que se tiene que empezar a saldar la deuda con los que menos tienen.<\/p>\n<p style=\"text-align: justify;\">Indic\u00f3 que el principio para que haya progreso es el orden de las cosas, el ponerse de acuerdo, ordenar la casa, por lo que se realiza un an\u00e1lisis con respecto a las \u00e1reas sustantivas de la propia Secretar\u00eda, que tienen un papel de impulsoras de pol\u00edticas p\u00fablicas, y se tiene acercamiento con los empresarios para ver c\u00f3mo asistirlos de manera ordenada y equilibrada, a efecto de que a todo mundo le vaya bien.<\/p>\n<p style=\"text-align: justify;\">Destac\u00f3 que el sector primario es estrat\u00e9gico en la vida nacional y palanca del desarrollo, con un crecimiento al doble que la econom\u00eda del pa\u00eds, exportaciones al alza y el reconocimiento como uno de los 10 mejores pa\u00edses productores de ganado en el mundo. \u201cEstos resultados obtenidos con el esfuerzo y trabajo de todos ustedes, y la aplicaci\u00f3n de pol\u00edticas p\u00fablicas de alto impacto\u201d, subray\u00f3.<\/p>\n<p style=\"text-align: justify;\">En referencia a los proyectos de agricultura protegida (invernaderos) para el cultivo de hortalizas, detall\u00f3 que su inversi\u00f3n representa una alta rentabilidad por lo que invertir en \u00e9sta, como en otras \u00e1reas del sector agropecuario y pesquero, resulta en un buen negocio.<\/p>\n<p style=\"text-align: justify;\">\u201cNo es una acci\u00f3n de pol\u00edticas p\u00fablicas \u00fanicamente por parte del gobierno. Es una acci\u00f3n concertada entre el gobierno y la sociedad precisamente para que a trav\u00e9s del impulso a este sector podamos tener mejores condiciones para nuestra gente y un pa\u00eds mucho m\u00e1s vigoroso en lo econ\u00f3mico\u201d, puntualiz\u00f3.<\/p>\n<p style=\"text-align: justify;\">A nombre de los representantes de las cadenas productivas agroalimentarias del pa\u00eds, el presidente del CNA, Benjam\u00edn Grayeb Ruiz, extern\u00f3 el inter\u00e9s de sumarse al gran proyecto nacional encabezado por el Presidente Enrique Pe\u00f1a Nieto consistente en instrumentar pol\u00edticas p\u00fablicas que lo mismo impulsen el desarrollo productivo y el desarrollo rural.<\/p>\n<p style=\"text-align: justify;\">Refrend\u00f3 el compromiso del organismo \u2013que se ubica entre las siete c\u00fapulas empresariales m\u00e1s importantes a nivel nacional- para definir acciones y programas que incentiven y apoyen a peque\u00f1os productores, ampl\u00eden recursos a la investigaci\u00f3n y el desarrollo, y promuevan alianzas p\u00fablico-privadas con el prop\u00f3sito de impulsar la productividad, fortalecer la seguridad alimentaria y contribuir a erradicar la pobreza en \u00e1reas rurales del pa\u00eds.<\/p>\n<p style=\"text-align: justify;\">Reconoci\u00f3 que el Gobierno de la Rep\u00fablica realiza acciones concretas para elevar la productividad y competitividad en el sector agroalimentario, y los resultados, dijo, est\u00e1n a la vista con el crecimiento del financiamiento para el campo.<\/p>\n<p style=\"text-align: justify;\">Se\u00f1al\u00f3 que, de los cr\u00e9ditos otorgados, un 10 por ciento corresponde a Fideicomisos Instituidos en Relaci\u00f3n con la Agricultura (FIRA) y un 38 por ciento a la Financiera Nacional de Desarrollo Agropecuario, Rural, Forestal y Pesquero (FND).<\/p>\n<p style=\"text-align: justify;\">Firman convenio de colaboraci\u00f3n CNA y Financiera Nacional de Desarrollo Agropecuario, Rural, Forestal y Pesquero<\/p>\n<p style=\"text-align: justify;\">Durante el encuentro, se realiz\u00f3 tambi\u00e9n la firma del convenio de colaboraci\u00f3n entre el Director de la FND, Juan Carlos Cort\u00e9s, y el presidente del Consejo Nacional Agropecuario, Benjam\u00edn Grayeb Ruiz, que permitir\u00e1 agilizar el otorgamiento del cr\u00e9dito, as\u00ed como brindar asistencia t\u00e9cnica y financiera.<\/p>\n<p style=\"text-align: justify;\">El convenio signado establece adem\u00e1s que se identificar\u00e1n y desarrollar\u00e1n proyectos estrat\u00e9gicos susceptibles de recibir financiamiento, que promuevan la integraci\u00f3n de cadenas productivas, generando impacto regional en beneficio de la poblaci\u00f3n del medio rural.<\/p>\n<p style=\"text-align: justify;\">Por su parte, el director general de la FND mencion\u00f3 que en este ejercicio de an\u00e1lisis de perspectivas en el sector agroalimentario es oportuno la revaloraci\u00f3n de los retos y desaf\u00edos, as\u00ed como las enormes oportunidades que representa para el pa\u00eds su atenci\u00f3n y desarrollo.<\/p>\n<p style=\"text-align: justify;\">La llegada del secretario Jos\u00e9 Calzada Rovirosa a la SAGARPA genera ampl\u00edas expectativas para afianzar el crecimiento del sector primario nacional, en el entendido de que somos un solo equipo y con la consigna de que el sector agropecuario es nuestro origen y destino, apunt\u00f3.<\/p>\n<p>Explic\u00f3 que en el rubro agroalimentario se vive un reordenamiento global en el tema de financiamiento y, en ese tenor, M\u00e9xico inici\u00f3 un cambio sustancial con la apertura de un sector financiero profundo y viable, con atenci\u00f3n especial a los peque\u00f1os y medianos productores del campo.<\/p>\n<p>&nbsp;<\/p>\n","protected":false},"excerpt":{"rendered":"<p>A nombre de los representantes de las cadenas productivas agroalimentarias del pa\u00eds, el presidente del CNA, Benjam\u00edn Grayeb Ruiz, extern\u00f3 el inter\u00e9s de sumarse al proyecto encabezado por el Presidente Enrique Pe\u00f1a Nieto de instrumentar pol\u00edticas p\u00fablicas que distingan e integren la parte del desarrollo productivo con la del desarrollo rural. \u2022 En reuni\u00f3n con [&hellip;]<\/p>\n","protected":false},"author":1,"featured_media":5769,"comment_status":"open","ping_status":"open","sticky":false,"template":"","format":"standard","meta":{"rop_custom_images_group":[],"rop_custom_messages_group":[],"rop_publish_now":"initial","rop_publish_now_accounts":[],"rop_publish_now_history":[],"rop_publish_now_status":"pending","footnotes":""},"categories":[60],"tags":[],"class_list":["post-5768","post","type-post","status-publish","format-standard","has-post-thumbnail","hentry","category-sonnoticia"],"_links":{"self":[{"href":"https:\/\/notiissa.mx\/index.php?rest_route=\/wp\/v2\/posts\/5768","targetHints":{"allow":["GET"]}}],"collection":[{"href":"https:\/\/notiissa.mx\/index.php?rest_route=\/wp\/v2\/posts"}],"about":[{"href":"https:\/\/notiissa.mx\/index.php?rest_route=\/wp\/v2\/types\/post"}],"author":[{"embeddable":true,"href":"https:\/\/notiissa.mx\/index.php?rest_route=\/wp\/v2\/users\/1"}],"replies":[{"embeddable":true,"href":"https:\/\/notiissa.mx\/index.php?rest_route=%2Fwp%2Fv2%2Fcomments&post=5768"}],"version-history":[{"count":1,"href":"https:\/\/notiissa.mx\/index.php?rest_route=\/wp\/v2\/posts\/5768\/revisions"}],"predecessor-version":[{"id":5770,"href":"https:\/\/notiissa.mx\/index.php?rest_route=\/wp\/v2\/posts\/5768\/revisions\/5770"}],"wp:featuredmedia":[{"embeddable":true,"href":"https:\/\/notiissa.mx\/index.php?rest_route=\/wp\/v2\/media\/5769"}],"wp:attachment":[{"href":"https:\/\/notiissa.mx\/index.php?rest_route=%2Fwp%2Fv2%2Fmedia&parent=5768"}],"wp:term":[{"taxonomy":"category","embeddable":true,"href":"https:\/\/notiissa.mx\/index.php?rest_route=%2Fwp%2Fv2%2Fcategories&post=5768"},{"taxonomy":"post_tag","embeddable":true,"href":"https:\/\/notiissa.mx\/index.php?rest_route=%2Fwp%2Fv2%2Ftags&post=5768"}],"curies":[{"name":"wp","href":"https:\/\/api.w.org\/{rel}","templated":true}]}}