{"id":5757,"date":"2015-09-27T20:47:28","date_gmt":"2015-09-27T20:47:28","guid":{"rendered":"http:\/\/notiissa.mx\/?p=5757"},"modified":"2015-09-27T20:47:28","modified_gmt":"2015-09-27T20:47:28","slug":"llega-cineteca-nacional-a-camargo","status":"publish","type":"post","link":"https:\/\/notiissa.mx\/?p=5757","title":{"rendered":"LLega Cineteca Nacional a Camargo"},"content":{"rendered":"<p>&#8211; Teatro de la ciudad albergar\u00e1 la Cineteca Nacional que inicia operaciones este lunes con la presencia de artistas mexicanos.<\/p>\n<hr \/>\n<p>&nbsp;<\/p>\n<p style=\"text-align: justify;\">Camargo, Chih.- Con la presencia de varios artistas del cine y la televisi\u00f3n mexicana, este lunes 28 de septiembre iniciar\u00e1 operaciones la Cineteca Nacional extensi\u00f3n Camargo, la quinta en la entidad que tendr\u00e1 su sede en el Teatro de la ciudad.<\/p>\n<p style=\"text-align: justify;\">Ser\u00e1 a las 12 del d\u00eda cuando se den cita actores y directores de cine como Ren\u00e9 de Jes\u00fas Garc\u00eda Pereyra, actor, maestro, guionista, director de cine y teatro quien ha participado en Cintas com: Gringo Viejo (1989); Salvador (1986) bajo la direcci\u00f3n de Oliver Stone; One Man\u00b4s war (1991) con Anthony Hopkins; Traffic (2000) y m\u00e1s de 30 puestas en escena y pel\u00edculas mexicanas.<\/p>\n<p style=\"text-align: justify;\">En la alfombra roja se espera adem\u00e1s la presencia del actor y core\u00f3grafo Jorge Becerril quien destaca por su amplia trayectoria en teatro, comedia musical y televisi\u00f3n; el actor argentino Marcelo Alejandro C\u00f3rdoba, quien ha participado en teatro y en mas de 16 telenovelas mexicanas como: La gata (2014); La malquerida (2014); De que te quiero, te quiero (2013-2014); Amores verdaderos (2013), entre muchas m\u00e1s y programas de televisi\u00f3n en M\u00e9xico y Argentina.<\/p>\n<p style=\"text-align: justify;\">Estar\u00e1 adem\u00e1s Miguel \u00c1ngel Tena Peinado mejor conocido como Mike Tena, actor con trayectoria en cine, teatro y series de televisi\u00f3n como: \u201cEl Mariachi\u201d, \u201cSe\u00f1orita P\u00f3lvora\u201d y \u201cEl arribo de Conrado Sierra\u201d, entre otras.<\/p>\n<p style=\"text-align: justify;\">El estreno de la Cineteca en Camargo ser\u00e1 este lunes 28 de septiembre a las 12 del medio d\u00eda en el Teatro de la ciudad, donde se tiene programado que el director del Instituto Chihuahuense de la Cultura, Mtro. Sergio Reaza Esc\u00e1rcega y el alcalde de Camargo Jos\u00e9 de Jes\u00fas S\u00e1enz Gabald\u00f3n, firmen un acuerdo de colaboraci\u00f3n entre ambas dependencias para dejar asentada su participaci\u00f3n en este proyecto que busca acercar el cine de arte a la comunidad de Camargo y puntos circunvecinos.<\/p>\n<p style=\"text-align: justify;\">Despu\u00e9s se proyectar\u00e1 la pel\u00edcula \u201cLongitud de Guerra\u201d del director camarguense Gonz\u00e1lo Mart\u00ednez, funci\u00f3n que se repetir\u00e1 a las 6 de la tarde con entrada libre para todos los asistentes y con lo que se da inicio al Ciclo de cine mexicano de oro en esta sede.<\/p>\n<p style=\"text-align: justify;\">El Gobierno del Estado, a trav\u00e9s de la Secretar\u00eda de Educaci\u00f3n Cultura y Deporte, por conducto del Instituto Chihuahuense de la Cultura, en coordinaci\u00f3n con la Cineteca Nacional y el Municipio de Camargo, realizan este esfuerzo interinstitucional a fin de recuperar la vocaci\u00f3n cin\u00e9fila, cineasta y art\u00edstica en el estado de Chihuahua.<\/p>\n<p style=\"text-align: justify;\">Este programa tuvo su piloto en ciudad Ju\u00e1rez desde el mes de enero del presente a\u00f1o con gran \u00e9xito, y a partir del mes de marzo se extiende a Chihuahua capital, y luego al Municipio de Delicias. El pasado mi\u00e9rcoles 23 de septiembre inici\u00f3 operaciones la extensi\u00f3n en Nuevo Casas Grandes y se busca que antes de finalizar el mes entren en funcionamiento las sedes de Camargo y Buenaventura.<\/p>\n<p style=\"text-align: justify;\">El evento se realizar\u00e1 en formato de rueda de prensa, para lo cual se ha invitado a diversos medios de comunicaci\u00f3n, as\u00ed como a personalidades del \u00e1mbito cultural y art\u00edstico de la regi\u00f3n y autoridades de los tres niveles de gobierno.<\/p>\n","protected":false},"excerpt":{"rendered":"<p>&#8211; Teatro de la ciudad albergar\u00e1 la Cineteca Nacional que inicia operaciones este lunes con la presencia de artistas mexicanos. &nbsp; Camargo, Chih.- Con la presencia de varios artistas del cine y la televisi\u00f3n mexicana, este lunes 28 de septiembre iniciar\u00e1 operaciones la Cineteca Nacional extensi\u00f3n Camargo, la quinta en la entidad que tendr\u00e1 su [&hellip;]<\/p>\n","protected":false},"author":1,"featured_media":5758,"comment_status":"open","ping_status":"open","sticky":false,"template":"","format":"standard","meta":{"rop_custom_images_group":[],"rop_custom_messages_group":[],"rop_publish_now":"initial","rop_publish_now_accounts":[],"rop_publish_now_history":[],"rop_publish_now_status":"pending","footnotes":""},"categories":[62],"tags":[23],"class_list":["post-5757","post","type-post","status-publish","format-standard","has-post-thumbnail","hentry","category-cultura","tag-destacado"],"_links":{"self":[{"href":"https:\/\/notiissa.mx\/index.php?rest_route=\/wp\/v2\/posts\/5757","targetHints":{"allow":["GET"]}}],"collection":[{"href":"https:\/\/notiissa.mx\/index.php?rest_route=\/wp\/v2\/posts"}],"about":[{"href":"https:\/\/notiissa.mx\/index.php?rest_route=\/wp\/v2\/types\/post"}],"author":[{"embeddable":true,"href":"https:\/\/notiissa.mx\/index.php?rest_route=\/wp\/v2\/users\/1"}],"replies":[{"embeddable":true,"href":"https:\/\/notiissa.mx\/index.php?rest_route=%2Fwp%2Fv2%2Fcomments&post=5757"}],"version-history":[{"count":1,"href":"https:\/\/notiissa.mx\/index.php?rest_route=\/wp\/v2\/posts\/5757\/revisions"}],"predecessor-version":[{"id":5759,"href":"https:\/\/notiissa.mx\/index.php?rest_route=\/wp\/v2\/posts\/5757\/revisions\/5759"}],"wp:featuredmedia":[{"embeddable":true,"href":"https:\/\/notiissa.mx\/index.php?rest_route=\/wp\/v2\/media\/5758"}],"wp:attachment":[{"href":"https:\/\/notiissa.mx\/index.php?rest_route=%2Fwp%2Fv2%2Fmedia&parent=5757"}],"wp:term":[{"taxonomy":"category","embeddable":true,"href":"https:\/\/notiissa.mx\/index.php?rest_route=%2Fwp%2Fv2%2Fcategories&post=5757"},{"taxonomy":"post_tag","embeddable":true,"href":"https:\/\/notiissa.mx\/index.php?rest_route=%2Fwp%2Fv2%2Ftags&post=5757"}],"curies":[{"name":"wp","href":"https:\/\/api.w.org\/{rel}","templated":true}]}}