{"id":57383,"date":"2023-07-27T23:19:50","date_gmt":"2023-07-27T23:19:50","guid":{"rendered":"https:\/\/notiissa.mx\/?p=57383"},"modified":"2023-07-27T23:19:50","modified_gmt":"2023-07-27T23:19:50","slug":"inician-trabajos-del-comite-del-frente-amplio-en-chihuahua","status":"publish","type":"post","link":"https:\/\/notiissa.mx\/?p=57383","title":{"rendered":"Inician trabajos del Comit\u00e9 del Frente Amplio en Chihuahua"},"content":{"rendered":"<p>Lo preside Adri\u00e1n J\u00e1cquez Flores.<\/p>\n<p><strong>Chihuahua.-<\/strong> Qued\u00f3 conformado el Comit\u00e9 Organizador del Frente Amplio por M\u00e9xico, que trabajar\u00e1 en el estado de Chihuahua.<\/p>\n<p>El comit\u00e9 est\u00e1 integrado por l\u00edderes sociales y las dirigencias de los partidos: Acci\u00f3n Nacional, Revolucionario Institucional y de la Revoluci\u00f3n Democr\u00e1tica.<\/p>\n<p>Qui\u00e9n encabezar\u00e1 los trabajos, es el experto en materia electoral\u00a0 Adri\u00e1n J\u00e1cquez Flores, y tendr\u00e1 la participaci\u00f3n de: Alejando F\u00e9lix, Sara Galaviz, Carlos Reyes, como parte de la representaci\u00f3n social; as\u00ed como Manuel Carre\u00f3n (PAN) Alejandro Dom\u00ednguez (PRI) y Nohem\u00ed Aguilar (PRD) l\u00edderes estatales de dichas fuerzas pol\u00edticas.<\/p>\n<p>Adri\u00e1n J\u00e1cquez Flores anticip\u00f3 que la esencia del comit\u00e9 se basa en las exigencias de los ciudadanos que buscan un mejor pa\u00eds, y por ello: \u201ctrabajaremos con una verdadera vocaci\u00f3n democr\u00e1tica\u201d.<\/p>\n<p>\u201cEstamos aqu\u00ed para apoyar el ejercicio que se encuentra en curso y para proporcionar a todas y todos los chihuahuenses la informaci\u00f3n necesaria, e implementar la log\u00edstica en nuestra entidad, para determinar la instalaci\u00f3n de centros de participaci\u00f3n ciudadana, a fin de que las personas se registren en la Plataforma del Frente Amplio y puedan emitir su simpat\u00eda a favor de alguna o alg\u00fan aspirante\u00bb.<\/p>\n<p>Coincidimos que este ejercicio democr\u00e1tico ha sido concebido como una herramienta para mejorar las condiciones para el pa\u00eds en todas las \u00e1reas de responsabilidad de los gobiernos, en sus diversos niveles, reiter\u00f3 Flores.<\/p>\n","protected":false},"excerpt":{"rendered":"<p>Lo preside Adri\u00e1n J\u00e1cquez Flores. Chihuahua.- Qued\u00f3 conformado el Comit\u00e9 Organizador del Frente Amplio por M\u00e9xico, que trabajar\u00e1 en el estado de Chihuahua. El comit\u00e9 est\u00e1 integrado por l\u00edderes sociales y las dirigencias de los partidos: Acci\u00f3n Nacional, Revolucionario Institucional y de la Revoluci\u00f3n Democr\u00e1tica. Qui\u00e9n encabezar\u00e1 los trabajos, es el experto en materia electoral\u00a0 [&hellip;]<\/p>\n","protected":false},"author":1,"featured_media":57384,"comment_status":"closed","ping_status":"open","sticky":false,"template":"","format":"standard","meta":{"rop_custom_images_group":[],"rop_custom_messages_group":[],"rop_publish_now":"initial","rop_publish_now_accounts":[],"rop_publish_now_history":[],"rop_publish_now_status":"pending","footnotes":""},"categories":[67,72],"tags":[],"class_list":["post-57383","post","type-post","status-publish","format-standard","has-post-thumbnail","hentry","category-ciudad","category-estado"],"_links":{"self":[{"href":"https:\/\/notiissa.mx\/index.php?rest_route=\/wp\/v2\/posts\/57383","targetHints":{"allow":["GET"]}}],"collection":[{"href":"https:\/\/notiissa.mx\/index.php?rest_route=\/wp\/v2\/posts"}],"about":[{"href":"https:\/\/notiissa.mx\/index.php?rest_route=\/wp\/v2\/types\/post"}],"author":[{"embeddable":true,"href":"https:\/\/notiissa.mx\/index.php?rest_route=\/wp\/v2\/users\/1"}],"replies":[{"embeddable":true,"href":"https:\/\/notiissa.mx\/index.php?rest_route=%2Fwp%2Fv2%2Fcomments&post=57383"}],"version-history":[{"count":1,"href":"https:\/\/notiissa.mx\/index.php?rest_route=\/wp\/v2\/posts\/57383\/revisions"}],"predecessor-version":[{"id":57385,"href":"https:\/\/notiissa.mx\/index.php?rest_route=\/wp\/v2\/posts\/57383\/revisions\/57385"}],"wp:featuredmedia":[{"embeddable":true,"href":"https:\/\/notiissa.mx\/index.php?rest_route=\/wp\/v2\/media\/57384"}],"wp:attachment":[{"href":"https:\/\/notiissa.mx\/index.php?rest_route=%2Fwp%2Fv2%2Fmedia&parent=57383"}],"wp:term":[{"taxonomy":"category","embeddable":true,"href":"https:\/\/notiissa.mx\/index.php?rest_route=%2Fwp%2Fv2%2Fcategories&post=57383"},{"taxonomy":"post_tag","embeddable":true,"href":"https:\/\/notiissa.mx\/index.php?rest_route=%2Fwp%2Fv2%2Ftags&post=57383"}],"curies":[{"name":"wp","href":"https:\/\/api.w.org\/{rel}","templated":true}]}}