{"id":57302,"date":"2023-07-25T20:25:55","date_gmt":"2023-07-25T20:25:55","guid":{"rendered":"https:\/\/notiissa.mx\/?p=57302"},"modified":"2023-07-25T20:34:14","modified_gmt":"2023-07-25T20:34:14","slug":"invita-instituto-municipal-de-cultura-al-bazar-verano-de-palabras","status":"publish","type":"post","link":"https:\/\/notiissa.mx\/?p=57302","title":{"rendered":"Invita Instituto Municipal de Cultura al bazar \u201cVerano de Palabras\u201d"},"content":{"rendered":"<p><strong>Por: Silvia Madrid A.<\/strong><\/p>\n<p><strong>Ciudad de Chihuahua.-<\/strong> El Instituto de Cultura del Municipio invita al p\u00fablico en general al bazar \u201cVerano de Palabras\u201d que se realiza cada jueves durante 4 semanas y a\u00fan restan 3. Este jueves 27 ser\u00e1 de micr\u00f3fono abierto para quienes deseen compartir su m\u00fasica, poes\u00eda, pintura o cualquier otra expresi\u00f3n art\u00edstica.<\/p>\n<p>La cita es en el museo Sebasti\u00e1n de 6 de la tarde a 9 de la noche con entrada libre y se recuerda a los interesados en asistir que la entrada es por atr\u00e1s del museo en la calle Doblado, debido a los trabajos de remodelaci\u00f3n de la avenida Ju\u00e1rez y la Plaza Merino.<\/p>\n<p>El jueves 3 de agosto ser\u00e1 tarde de juegos de mesa y loter\u00eda del estado de Chihuahua, Y finalmente el jueves 10 ser\u00e1 dedicado a la infancia con lectura de libros infantiles, cuenta cuentos y la presentaci\u00f3n de artistas.<\/p>\n<p>Jos\u00e9 Arturo Santillanes Fern\u00e1ndez coordinador del programa editorial Chihuahua dijo que estos d\u00edas de Verano de Palabras habr\u00e1 bazar con venta de comida, obras de arte, libros, juegos de mesa tradicionales, art\u00edculos de productores locales y estar\u00e1 abierta la cafebrer\u00eda, adem\u00e1s de que se presentar\u00e1n artistas locales y el \u00faltimo jueves se ofrecer\u00e1n \u00e1rboles para que sean plantados por las familias en sus hogares, como parte de la campa\u00f1a de reforestaci\u00f3n que realiza de manera permanente el Municipio de Chihuahua.<\/p>\n<p>&nbsp;<\/p>\n","protected":false},"excerpt":{"rendered":"<p>Por: Silvia Madrid A. Ciudad de Chihuahua.- El Instituto de Cultura del Municipio invita al p\u00fablico en general al bazar \u201cVerano de Palabras\u201d que se realiza cada jueves durante 4 semanas y a\u00fan restan 3. Este jueves 27 ser\u00e1 de micr\u00f3fono abierto para quienes deseen compartir su m\u00fasica, poes\u00eda, pintura o cualquier otra expresi\u00f3n art\u00edstica. [&hellip;]<\/p>\n","protected":false},"author":1,"featured_media":57305,"comment_status":"closed","ping_status":"open","sticky":false,"template":"","format":"standard","meta":{"rop_custom_images_group":[],"rop_custom_messages_group":[],"rop_publish_now":"initial","rop_publish_now_accounts":[],"rop_publish_now_history":[],"rop_publish_now_status":"pending","footnotes":""},"categories":[67,62],"tags":[23],"class_list":["post-57302","post","type-post","status-publish","format-standard","has-post-thumbnail","hentry","category-ciudad","category-cultura","tag-destacado"],"_links":{"self":[{"href":"https:\/\/notiissa.mx\/index.php?rest_route=\/wp\/v2\/posts\/57302","targetHints":{"allow":["GET"]}}],"collection":[{"href":"https:\/\/notiissa.mx\/index.php?rest_route=\/wp\/v2\/posts"}],"about":[{"href":"https:\/\/notiissa.mx\/index.php?rest_route=\/wp\/v2\/types\/post"}],"author":[{"embeddable":true,"href":"https:\/\/notiissa.mx\/index.php?rest_route=\/wp\/v2\/users\/1"}],"replies":[{"embeddable":true,"href":"https:\/\/notiissa.mx\/index.php?rest_route=%2Fwp%2Fv2%2Fcomments&post=57302"}],"version-history":[{"count":1,"href":"https:\/\/notiissa.mx\/index.php?rest_route=\/wp\/v2\/posts\/57302\/revisions"}],"predecessor-version":[{"id":57304,"href":"https:\/\/notiissa.mx\/index.php?rest_route=\/wp\/v2\/posts\/57302\/revisions\/57304"}],"wp:featuredmedia":[{"embeddable":true,"href":"https:\/\/notiissa.mx\/index.php?rest_route=\/wp\/v2\/media\/57305"}],"wp:attachment":[{"href":"https:\/\/notiissa.mx\/index.php?rest_route=%2Fwp%2Fv2%2Fmedia&parent=57302"}],"wp:term":[{"taxonomy":"category","embeddable":true,"href":"https:\/\/notiissa.mx\/index.php?rest_route=%2Fwp%2Fv2%2Fcategories&post=57302"},{"taxonomy":"post_tag","embeddable":true,"href":"https:\/\/notiissa.mx\/index.php?rest_route=%2Fwp%2Fv2%2Ftags&post=57302"}],"curies":[{"name":"wp","href":"https:\/\/api.w.org\/{rel}","templated":true}]}}