{"id":57263,"date":"2023-07-24T18:14:58","date_gmt":"2023-07-24T18:14:58","guid":{"rendered":"https:\/\/notiissa.mx\/?p=57263"},"modified":"2023-07-24T18:14:58","modified_gmt":"2023-07-24T18:14:58","slug":"rinde-protesta-la-regidora-leticia-irene-salinas-quintana","status":"publish","type":"post","link":"https:\/\/notiissa.mx\/?p=57263","title":{"rendered":"Rinde protesta la regidora Leticia Irene Salinas Quintana"},"content":{"rendered":"<p><i>Como Suplente de Raquel Bravo Osuna.<\/i><\/p>\n<p class=\"yiv2241097553MsoNormal\"><strong>Ciudad de Chihuahua.-<\/strong> Leticia Irene Salinas Quintana rindi\u00f3 protesta ante el H. Ayuntamiento como Regidora Suplente de Raquel Bravo Osuna quien\u00a0 en Sesi\u00f3n Extraordinaria de Cabildo, solicit\u00f3 licencia para retirarse de su cargo como regidora por la fracci\u00f3n del PAN en el Ayuntamiento de Chihuahua el cual desempe\u00f1\u00f3 desde el mes de septiembre de 2021 a julio del presenta a\u00f1o.<\/p>\n<p class=\"yiv2241097553MsoNormal\">Al aprobarse la solicitud de licencia presentada por la regidora Raquel Bravo, su suplente se incorpora de manera inmediata como presidenta de la Comisi\u00f3n de Participaci\u00f3n Ciudadana en donde dar\u00e1 continuidad a los programas que realiza la administraci\u00f3n municipal como es el Presupuesto Participativo 2024.<\/p>\n<p class=\"yiv2241097553MsoNormal\">Trayectoria de Leticia Irene Salinas Quintana<\/p>\n<p class=\"yiv2241097553MsoNormal\">Fungi\u00f3 como secretaria Jur\u00eddica en el Comit\u00e9 Directivo Estatal del Partido Acci\u00f3n Nacional.<\/p>\n<p class=\"yiv2241097553MsoNormal\">\u2022\u00a0\u00a0\u00a0\u00a0\u00a0\u00a0\u00a0\u00a0\u00a0 Representante del partido ante el Consejo Local del INE, en el proceso de Revocaci\u00f3n de Mandato 2022.<\/p>\n<p class=\"yiv2241097553MsoNormal\">\u2022\u00a0\u00a0\u00a0\u00a0\u00a0\u00a0\u00a0\u00a0\u00a0 Representante ante la Comisi\u00f3n Local de Vigilancia del Registro Federal de Electores del INE de noviembre de 2021 a la fecha.<\/p>\n<p class=\"yiv2241097553MsoNormal\">\u2022\u00a0\u00a0\u00a0\u00a0\u00a0\u00a0\u00a0\u00a0\u00a0 Representante ante el Consejo Estatal del Instituto Estatal Electoral de noviembre de 2021 a la fecha.<\/p>\n<p>\u00b7\u00a0\u00a0\u00a0\u00a0\u00a0\u00a0 Secretaria Municipal de Acci\u00f3n Juvenil (marzo 2019 \u2013 octubre 2021).<\/p>\n<p>\u00b7\u00a0\u00a0\u00a0\u00a0\u00a0\u00a0 Coordinadora de Oportunidades Educativas (marzo 2017 \u2013 enero 2020). Elaboraci\u00f3n de pol\u00edticas p\u00fablicas en educaci\u00f3n, log\u00edstica de eventos educativos, atenci\u00f3n a la Juventud, presentaci\u00f3n de conferencias en el Instituto Chihuahuense de la Juventud.<\/p>\n<p>\u00b7\u00a0\u00a0\u00a0\u00a0\u00a0\u00a0 Futuro.mx \u2013 Reportera (septiembre 2015 \u2013 junio 2016) Entrevistas a funcionarios p\u00fablicos y redacci\u00f3n de notas.<\/p>\n<p class=\"yiv2241097553MsoNormal\">EDUCACI\u00d3N<\/p>\n<p>\u00b7\u00a0\u00a0\u00a0\u00a0\u00a0\u00a0 Universidad Aut\u00f3noma de Chihuahua. Facultad de Derecho. Licenciada en Derecho.<\/p>\n<p>\u00b7\u00a0\u00a0\u00a0\u00a0\u00a0\u00a0 Colegio de Bachilleres del Estado de Chihuahua Plantel 1.<\/p>\n<p class=\"yiv2241097553MsoNormal\">CAPACITACIONES: Introducci\u00f3n al Derecho Electoral, a trav\u00e9s de la Escuela Judicial Electoral; Curso B\u00e1sico de Redacci\u00f3n, a trav\u00e9s de la Escuela Judicial Electoral; Curso Sistema de nulidades en materia electoral, a trav\u00e9s de la Escuela Judicial Electoral; Curso: Alta Formaci\u00f3n en Perspectiva de Juventud y Transversalidad Impartido por el IMJUVE; Taller B\u00e1sico de Lengua de Se\u00f1as Mexicanas por el ICHIJUV.<\/p>\n<p class=\"yiv2241097553MsoNormal\">APTITUDES<\/p>\n<p class=\"yiv2241097553MsoNormal\">\u2022\u00a0\u00a0\u00a0\u00a0\u00a0\u00a0\u00a0\u00a0\u00a0 Iniciativa \/ Capacidad de Comunicaci\u00f3n \/ Organizaci\u00f3n de Informaci\u00f3n<\/p>\n","protected":false},"excerpt":{"rendered":"<p>Como Suplente de Raquel Bravo Osuna. Ciudad de Chihuahua.- Leticia Irene Salinas Quintana rindi\u00f3 protesta ante el H. Ayuntamiento como Regidora Suplente de Raquel Bravo Osuna quien\u00a0 en Sesi\u00f3n Extraordinaria de Cabildo, solicit\u00f3 licencia para retirarse de su cargo como regidora por la fracci\u00f3n del PAN en el Ayuntamiento de Chihuahua el cual desempe\u00f1\u00f3 desde [&hellip;]<\/p>\n","protected":false},"author":1,"featured_media":57264,"comment_status":"closed","ping_status":"open","sticky":false,"template":"","format":"standard","meta":{"rop_custom_images_group":[],"rop_custom_messages_group":[],"rop_publish_now":"initial","rop_publish_now_accounts":[],"rop_publish_now_history":[],"rop_publish_now_status":"pending","footnotes":""},"categories":[67],"tags":[],"class_list":["post-57263","post","type-post","status-publish","format-standard","has-post-thumbnail","hentry","category-ciudad"],"_links":{"self":[{"href":"https:\/\/notiissa.mx\/index.php?rest_route=\/wp\/v2\/posts\/57263","targetHints":{"allow":["GET"]}}],"collection":[{"href":"https:\/\/notiissa.mx\/index.php?rest_route=\/wp\/v2\/posts"}],"about":[{"href":"https:\/\/notiissa.mx\/index.php?rest_route=\/wp\/v2\/types\/post"}],"author":[{"embeddable":true,"href":"https:\/\/notiissa.mx\/index.php?rest_route=\/wp\/v2\/users\/1"}],"replies":[{"embeddable":true,"href":"https:\/\/notiissa.mx\/index.php?rest_route=%2Fwp%2Fv2%2Fcomments&post=57263"}],"version-history":[{"count":1,"href":"https:\/\/notiissa.mx\/index.php?rest_route=\/wp\/v2\/posts\/57263\/revisions"}],"predecessor-version":[{"id":57265,"href":"https:\/\/notiissa.mx\/index.php?rest_route=\/wp\/v2\/posts\/57263\/revisions\/57265"}],"wp:featuredmedia":[{"embeddable":true,"href":"https:\/\/notiissa.mx\/index.php?rest_route=\/wp\/v2\/media\/57264"}],"wp:attachment":[{"href":"https:\/\/notiissa.mx\/index.php?rest_route=%2Fwp%2Fv2%2Fmedia&parent=57263"}],"wp:term":[{"taxonomy":"category","embeddable":true,"href":"https:\/\/notiissa.mx\/index.php?rest_route=%2Fwp%2Fv2%2Fcategories&post=57263"},{"taxonomy":"post_tag","embeddable":true,"href":"https:\/\/notiissa.mx\/index.php?rest_route=%2Fwp%2Fv2%2Ftags&post=57263"}],"curies":[{"name":"wp","href":"https:\/\/api.w.org\/{rel}","templated":true}]}}