{"id":57255,"date":"2023-07-23T21:59:05","date_gmt":"2023-07-23T21:59:05","guid":{"rendered":"https:\/\/notiissa.mx\/?p=57255"},"modified":"2023-07-23T21:59:05","modified_gmt":"2023-07-23T21:59:05","slug":"finaliza-la-primera-veraneada-impas-salud-inclusiva","status":"publish","type":"post","link":"https:\/\/notiissa.mx\/?p=57255","title":{"rendered":"Finaliza la primera \u201cVeraneada IMPAS Salud Inclusiva\u201d"},"content":{"rendered":"<p><em>El cierre de actividades se realiz\u00f3 en el Centro Municipal de Equinoterapia<\/em>.<\/p>\n<p><strong>Ciudad de Chihuahua.-<\/strong> El Instituto Municipal de Prevenci\u00f3n y Atenci\u00f3n a la Salud (IMPAS) llev\u00f3 a cabo el cierre de la \u201cVeraneada IMPAS Salud Inclusiva\u201d, el s\u00e1bado en el Centro Municipal de Equinoterapia.<\/p>\n<p>El curso de verano se realiz\u00f3 17 al 21 de julio, la participaci\u00f3n de ni\u00f1as y ni\u00f1os de 5 a 10 a\u00f1os, quienes participaron en las actividades recreativas de cachibol, karate, teatro, pintura, m\u00fasica, danza y fotograf\u00eda, manejo de emociones, con la diferencia que en \u00e9ste tambi\u00e9n asistieron ni\u00f1as y ni\u00f1os con discapacidad a fin de trabajar todas las actividades desde una perspectiva de inclusi\u00f3n.<\/p>\n<p>La semana concluy\u00f3 con un recorrido por las instalaciones del Centro Municipal de Equinoterapia, donde las ni\u00f1as y ni\u00f1os participantes fueron acompa\u00f1ados de sus familiares. En dicha visita conocieron y convivieron con los caballos que viven en las instalaciones, adem\u00e1s de disfrutar de la exposici\u00f3n del material realizado por ellos mismos durante su curso.<\/p>\n<p>Es importante destacar que las actividades desarrolladas en el curso fueron divertidas y recreativas, adem\u00e1s de fomentar valores como el respeto y la amistad para promover una sociedad m\u00e1s inclusiva en el futuro.<\/p>\n","protected":false},"excerpt":{"rendered":"<p>El cierre de actividades se realiz\u00f3 en el Centro Municipal de Equinoterapia. Ciudad de Chihuahua.- El Instituto Municipal de Prevenci\u00f3n y Atenci\u00f3n a la Salud (IMPAS) llev\u00f3 a cabo el cierre de la \u201cVeraneada IMPAS Salud Inclusiva\u201d, el s\u00e1bado en el Centro Municipal de Equinoterapia. El curso de verano se realiz\u00f3 17 al 21 de [&hellip;]<\/p>\n","protected":false},"author":1,"featured_media":57256,"comment_status":"closed","ping_status":"open","sticky":false,"template":"","format":"standard","meta":{"rop_custom_images_group":[],"rop_custom_messages_group":[],"rop_publish_now":"initial","rop_publish_now_accounts":[],"rop_publish_now_history":[],"rop_publish_now_status":"pending","footnotes":""},"categories":[67,66],"tags":[],"class_list":["post-57255","post","type-post","status-publish","format-standard","has-post-thumbnail","hentry","category-ciudad","category-estilo-de-vida"],"_links":{"self":[{"href":"https:\/\/notiissa.mx\/index.php?rest_route=\/wp\/v2\/posts\/57255","targetHints":{"allow":["GET"]}}],"collection":[{"href":"https:\/\/notiissa.mx\/index.php?rest_route=\/wp\/v2\/posts"}],"about":[{"href":"https:\/\/notiissa.mx\/index.php?rest_route=\/wp\/v2\/types\/post"}],"author":[{"embeddable":true,"href":"https:\/\/notiissa.mx\/index.php?rest_route=\/wp\/v2\/users\/1"}],"replies":[{"embeddable":true,"href":"https:\/\/notiissa.mx\/index.php?rest_route=%2Fwp%2Fv2%2Fcomments&post=57255"}],"version-history":[{"count":1,"href":"https:\/\/notiissa.mx\/index.php?rest_route=\/wp\/v2\/posts\/57255\/revisions"}],"predecessor-version":[{"id":57257,"href":"https:\/\/notiissa.mx\/index.php?rest_route=\/wp\/v2\/posts\/57255\/revisions\/57257"}],"wp:featuredmedia":[{"embeddable":true,"href":"https:\/\/notiissa.mx\/index.php?rest_route=\/wp\/v2\/media\/57256"}],"wp:attachment":[{"href":"https:\/\/notiissa.mx\/index.php?rest_route=%2Fwp%2Fv2%2Fmedia&parent=57255"}],"wp:term":[{"taxonomy":"category","embeddable":true,"href":"https:\/\/notiissa.mx\/index.php?rest_route=%2Fwp%2Fv2%2Fcategories&post=57255"},{"taxonomy":"post_tag","embeddable":true,"href":"https:\/\/notiissa.mx\/index.php?rest_route=%2Fwp%2Fv2%2Ftags&post=57255"}],"curies":[{"name":"wp","href":"https:\/\/api.w.org\/{rel}","templated":true}]}}