{"id":57246,"date":"2023-07-23T17:06:08","date_gmt":"2023-07-23T17:06:08","guid":{"rendered":"https:\/\/notiissa.mx\/?p=57246"},"modified":"2023-07-23T17:06:08","modified_gmt":"2023-07-23T17:06:08","slug":"playa-del-carmen-hoteleros-se-enfocan-en-eventos-para-atraer-turistas","status":"publish","type":"post","link":"https:\/\/notiissa.mx\/?p=57246","title":{"rendered":"Playa del Carmen: hoteleros se enfocan en eventos para atraer turistas"},"content":{"rendered":"<p>Hoteleros de Playa del Carmen se enfocan en realizar eventos para atraer turistas, diversificar la oferta y competir con Canc\u00fan, as\u00ed lo se\u00f1al\u00f3 Samaria Angulo Salas, secretaria municipal de Turismo.<\/p>\n<p>Los conciertos musicales programados son promocionados en los m\u00f3dulos tur\u00edsticos, las redes sociales y las gu\u00edas tur\u00edsticas de la secretar\u00eda. \u201cEsto es un plus adicional a la diversificaci\u00f3n, cuando el turista est\u00e1 aqu\u00ed se entera de estos eventos y va a disfrutarlo\u201d, coment\u00f3 Angulo Salas, as\u00ed lo recoge Noticaribe.<\/p>\n<p>Angulo revel\u00f3 que el hotel Mayacob\u00e1 realizar\u00e1 un concierto en agosto donde estar\u00e1 Alejandro Fern\u00e1ndez, lo que generar\u00e1 el arribo de m\u00e1s turistas, adicionalmente a los programados por el Ayuntamiento por el aniversario de la ciudad.<\/p>\n<p>Se espera que la zona tenga una ocupaci\u00f3n hotelera en la temporada de verano superior al 95% y con estos eventos rev\u00e9n que lleguen m\u00e1s visitantes. Al momento, los grandes hoteles ya alcanzan el 905 en reservas, mientras los peque\u00f1os se han afectado con las 13 mil ofertas de rentas vacacionales.<\/p>\n<p>Como dijo <em>REPORTUR.mx<\/em>, durante las vacaciones de verano que concluir\u00e1n el 27 de agosto, Quintana Roo recibir\u00e1 m\u00e1s de 1.8 millones de turistas, quienes dejar\u00e1n una derrama econ\u00f3mica aproximada de 1.700 millones de d\u00f3lares.<\/p>\n","protected":false},"excerpt":{"rendered":"<p>Hoteleros de Playa del Carmen se enfocan en realizar eventos para atraer turistas, diversificar la oferta y competir con Canc\u00fan, as\u00ed lo se\u00f1al\u00f3 Samaria Angulo Salas, secretaria municipal de Turismo. Los conciertos musicales programados son promocionados en los m\u00f3dulos tur\u00edsticos, las redes sociales y las gu\u00edas tur\u00edsticas de la secretar\u00eda. \u201cEsto es un plus adicional [&hellip;]<\/p>\n","protected":false},"author":1,"featured_media":57247,"comment_status":"closed","ping_status":"open","sticky":false,"template":"","format":"standard","meta":{"rop_custom_images_group":[],"rop_custom_messages_group":[],"rop_publish_now":"initial","rop_publish_now_accounts":[],"rop_publish_now_history":[],"rop_publish_now_status":"pending","footnotes":""},"categories":[75,61,66],"tags":[23],"class_list":["post-57246","post","type-post","status-publish","format-standard","has-post-thumbnail","hentry","category-actualidad","category-economia","category-estilo-de-vida","tag-destacado"],"_links":{"self":[{"href":"https:\/\/notiissa.mx\/index.php?rest_route=\/wp\/v2\/posts\/57246","targetHints":{"allow":["GET"]}}],"collection":[{"href":"https:\/\/notiissa.mx\/index.php?rest_route=\/wp\/v2\/posts"}],"about":[{"href":"https:\/\/notiissa.mx\/index.php?rest_route=\/wp\/v2\/types\/post"}],"author":[{"embeddable":true,"href":"https:\/\/notiissa.mx\/index.php?rest_route=\/wp\/v2\/users\/1"}],"replies":[{"embeddable":true,"href":"https:\/\/notiissa.mx\/index.php?rest_route=%2Fwp%2Fv2%2Fcomments&post=57246"}],"version-history":[{"count":1,"href":"https:\/\/notiissa.mx\/index.php?rest_route=\/wp\/v2\/posts\/57246\/revisions"}],"predecessor-version":[{"id":57248,"href":"https:\/\/notiissa.mx\/index.php?rest_route=\/wp\/v2\/posts\/57246\/revisions\/57248"}],"wp:featuredmedia":[{"embeddable":true,"href":"https:\/\/notiissa.mx\/index.php?rest_route=\/wp\/v2\/media\/57247"}],"wp:attachment":[{"href":"https:\/\/notiissa.mx\/index.php?rest_route=%2Fwp%2Fv2%2Fmedia&parent=57246"}],"wp:term":[{"taxonomy":"category","embeddable":true,"href":"https:\/\/notiissa.mx\/index.php?rest_route=%2Fwp%2Fv2%2Fcategories&post=57246"},{"taxonomy":"post_tag","embeddable":true,"href":"https:\/\/notiissa.mx\/index.php?rest_route=%2Fwp%2Fv2%2Ftags&post=57246"}],"curies":[{"name":"wp","href":"https:\/\/api.w.org\/{rel}","templated":true}]}}