{"id":57231,"date":"2023-07-22T22:23:50","date_gmt":"2023-07-22T22:23:50","guid":{"rendered":"https:\/\/notiissa.mx\/?p=57231"},"modified":"2023-07-22T22:23:50","modified_gmt":"2023-07-22T22:23:50","slug":"mexico-y-brasil-establecen-sistema-conjunto-de-visas-electronicas","status":"publish","type":"post","link":"https:\/\/notiissa.mx\/?p=57231","title":{"rendered":"M\u00e9xico y Brasil establecen sistema conjunto de visas electr\u00f3nicas"},"content":{"rendered":"<p>La desaceleraci\u00f3n del turismo receptivo en M\u00e9xico, que fue se\u00f1alada en un reciente an\u00e1lisis del Consejo Nacional Empresarial Tur\u00edstico (CNET) y la Asociaci\u00f3n de Hoteles de Canc\u00fan, tuvo sus efectos en la relaciones diplom\u00e1ticas entre M\u00e9xico y Brasil.<\/p>\n<p>\u00abEn ese sentido, y en seguimiento a los acuerdos alcanzados en el marco de la V Comisi\u00f3n Binacional Brasil-M\u00e9xico, ambos pa\u00edses acordaron el establecimiento, en los pr\u00f3ximos meses, del sistema rec\u00edproco de visas electr\u00f3nicas\u00bb, explicaron desde la Secretar\u00eda de Relaciones Exteriores en un comunicado.<\/p>\n<p>\u00abLa adopci\u00f3n conjunta de visas electr\u00f3nicas permitir\u00e1 que ciudadanos brasile\u00f1os y mexicanos puedan solicitar de forma r\u00e1pida, segura y sin la necesidad de trasladarse a las oficinas consulares, visa de visitante para fines de turismo y negocios en los dos pa\u00edses\u00bb, a\u00f1ade la dependencia estatal.<\/p>\n<p>Adem\u00e1s, el comunicado expresa que ambos pa\u00edses continuar\u00e1n trabajando en el \u00abobjetivo com\u00fan del gradual retorno al Acuerdo de Exenci\u00f3n de Visas\u00bb.<\/p>\n<p>Como se sabe, en su \u00faltimo an\u00e1lisis de turismo internacional, CNET y Cicotur afirmaban que la reducci\u00f3n de los flujos tur\u00edsticos en abril y mayo representa una contracci\u00f3n en los ingresos del orden de US$ 354 millones.<\/p>\n<p>Francisco Madrid, director del Centro de Investigaci\u00f3n y Competitividad Tur\u00edstica (Cicotur) Universidad An\u00e1huac, explic\u00f3 que una buena manera de dimensionar la gravedad de la desaceleraci\u00f3n es la de reconocer que entre marzo y mayo de 2023 se recibieron 526,160 turistas menos de Estados Unidos, Colombia, Brasil y Reino Unido, que en el mismo periodo de 2022.<\/p>\n<p>La incertidumbre econ\u00f3mica y las pol\u00edticas de visado con algunos pa\u00edses, como es el caso de Brasil y Colombia, fueron se\u00f1aladas como causas en la desaceleraci\u00f3n del turismo internacional, seg\u00fan CNET. Como se recuerda, en agosto de 2022 M\u00e9xico tom\u00f3 la decisi\u00f3n unilateral de ponerle fin a la pol\u00edtica de exenci\u00f3n de visa para los visitantes brasile\u00f1os, que son unos 300.000 cada a\u00f1o.<\/p>\n","protected":false},"excerpt":{"rendered":"<p>La desaceleraci\u00f3n del turismo receptivo en M\u00e9xico, que fue se\u00f1alada en un reciente an\u00e1lisis del Consejo Nacional Empresarial Tur\u00edstico (CNET) y la Asociaci\u00f3n de Hoteles de Canc\u00fan, tuvo sus efectos en la relaciones diplom\u00e1ticas entre M\u00e9xico y Brasil. \u00abEn ese sentido, y en seguimiento a los acuerdos alcanzados en el marco de la V Comisi\u00f3n [&hellip;]<\/p>\n","protected":false},"author":1,"featured_media":57232,"comment_status":"closed","ping_status":"open","sticky":false,"template":"","format":"standard","meta":{"rop_custom_images_group":[],"rop_custom_messages_group":[],"rop_publish_now":"initial","rop_publish_now_accounts":[],"rop_publish_now_history":[],"rop_publish_now_status":"pending","footnotes":""},"categories":[61,66],"tags":[],"class_list":["post-57231","post","type-post","status-publish","format-standard","has-post-thumbnail","hentry","category-economia","category-estilo-de-vida"],"_links":{"self":[{"href":"https:\/\/notiissa.mx\/index.php?rest_route=\/wp\/v2\/posts\/57231","targetHints":{"allow":["GET"]}}],"collection":[{"href":"https:\/\/notiissa.mx\/index.php?rest_route=\/wp\/v2\/posts"}],"about":[{"href":"https:\/\/notiissa.mx\/index.php?rest_route=\/wp\/v2\/types\/post"}],"author":[{"embeddable":true,"href":"https:\/\/notiissa.mx\/index.php?rest_route=\/wp\/v2\/users\/1"}],"replies":[{"embeddable":true,"href":"https:\/\/notiissa.mx\/index.php?rest_route=%2Fwp%2Fv2%2Fcomments&post=57231"}],"version-history":[{"count":1,"href":"https:\/\/notiissa.mx\/index.php?rest_route=\/wp\/v2\/posts\/57231\/revisions"}],"predecessor-version":[{"id":57233,"href":"https:\/\/notiissa.mx\/index.php?rest_route=\/wp\/v2\/posts\/57231\/revisions\/57233"}],"wp:featuredmedia":[{"embeddable":true,"href":"https:\/\/notiissa.mx\/index.php?rest_route=\/wp\/v2\/media\/57232"}],"wp:attachment":[{"href":"https:\/\/notiissa.mx\/index.php?rest_route=%2Fwp%2Fv2%2Fmedia&parent=57231"}],"wp:term":[{"taxonomy":"category","embeddable":true,"href":"https:\/\/notiissa.mx\/index.php?rest_route=%2Fwp%2Fv2%2Fcategories&post=57231"},{"taxonomy":"post_tag","embeddable":true,"href":"https:\/\/notiissa.mx\/index.php?rest_route=%2Fwp%2Fv2%2Ftags&post=57231"}],"curies":[{"name":"wp","href":"https:\/\/api.w.org\/{rel}","templated":true}]}}