{"id":5721,"date":"2015-09-26T03:33:53","date_gmt":"2015-09-26T03:33:53","guid":{"rendered":"http:\/\/notiissa.mx\/?p=5721"},"modified":"2015-09-26T03:33:53","modified_gmt":"2015-09-26T03:33:53","slug":"pide-el-papa-francisco-a-la-onu-medidas-contra-males-de-la-humanidad","status":"publish","type":"post","link":"https:\/\/notiissa.mx\/?p=5721","title":{"rendered":"Pide el Papa Francisco a la ONU medidas contra males de la humanidad"},"content":{"rendered":"<p style=\"text-align: justify;\">El Papa Francisco pidi\u00f3 a la Organizaci\u00f3n de Naciones Unidas (ONU) a pasar del \u201cdeclaracionismo tranquilizador de conciencias\u201d a una voluntad efectiva para combatir los grandes flagelos de la humanidad.<\/p>\n<p style=\"text-align: justify;\">En su discurso ante la Asamblea General de la ONU, en el Palacio de Vidrio, llam\u00f3 a dar pasos concretos contra la exclusi\u00f3n social, el comercio de \u00f3rganos, explotaci\u00f3n sexual de ni\u00f1os y ni\u00f1as, trabajo esclavo, incluyendo la prostituci\u00f3n, tr\u00e1fico de drogas y de armas, terrorismo y crimen internacional organizado.<\/p>\n<p style=\"text-align: justify;\">Denunci\u00f3 la tendencia a la proliferaci\u00f3n de las armas, especialmente las de destrucci\u00f3n masiva, y advirti\u00f3 que la pol\u00edtica internacional basada en la amenaza de destrucci\u00f3n mutua hacen de la ONU \u201cun fraude\u201d, convirti\u00e9ndola en las \u201cNaciones unidas por el miedo y la desconfianza\u201d.<\/p>\n<p style=\"text-align: justify;\">Inst\u00f3 a comprometerse por un mundo sin armas nucleares, aplicando plenamente el Tratado de no proliferaci\u00f3n -en la letra y en el esp\u00edritu-, y encamin\u00e1ndose a una total prohibici\u00f3n de estos instrumentos.<\/p>\n<p style=\"text-align: justify;\">La de ayer fue la quinta vez que un Papa visita las Naciones Unidas; lo hicieron antes Pablo Sexto en 1965, Juan Pablo Segundo en 1979 y 1995 y el Papa em\u00e9rito Benedicto 16 en 2008.<\/p>\n","protected":false},"excerpt":{"rendered":"<p>El Papa Francisco pidi\u00f3 a la Organizaci\u00f3n de Naciones Unidas (ONU) a pasar del \u201cdeclaracionismo tranquilizador de conciencias\u201d a una voluntad efectiva para combatir los grandes flagelos de la humanidad. En su discurso ante la Asamblea General de la ONU, en el Palacio de Vidrio, llam\u00f3 a dar pasos concretos contra la exclusi\u00f3n social, el [&hellip;]<\/p>\n","protected":false},"author":1,"featured_media":5722,"comment_status":"open","ping_status":"open","sticky":false,"template":"","format":"standard","meta":{"rop_custom_images_group":[],"rop_custom_messages_group":[],"rop_publish_now":"initial","rop_publish_now_accounts":[],"rop_publish_now_history":[],"rop_publish_now_status":"pending","footnotes":""},"categories":[60],"tags":[],"class_list":["post-5721","post","type-post","status-publish","format-standard","has-post-thumbnail","hentry","category-sonnoticia"],"_links":{"self":[{"href":"https:\/\/notiissa.mx\/index.php?rest_route=\/wp\/v2\/posts\/5721","targetHints":{"allow":["GET"]}}],"collection":[{"href":"https:\/\/notiissa.mx\/index.php?rest_route=\/wp\/v2\/posts"}],"about":[{"href":"https:\/\/notiissa.mx\/index.php?rest_route=\/wp\/v2\/types\/post"}],"author":[{"embeddable":true,"href":"https:\/\/notiissa.mx\/index.php?rest_route=\/wp\/v2\/users\/1"}],"replies":[{"embeddable":true,"href":"https:\/\/notiissa.mx\/index.php?rest_route=%2Fwp%2Fv2%2Fcomments&post=5721"}],"version-history":[{"count":1,"href":"https:\/\/notiissa.mx\/index.php?rest_route=\/wp\/v2\/posts\/5721\/revisions"}],"predecessor-version":[{"id":5723,"href":"https:\/\/notiissa.mx\/index.php?rest_route=\/wp\/v2\/posts\/5721\/revisions\/5723"}],"wp:featuredmedia":[{"embeddable":true,"href":"https:\/\/notiissa.mx\/index.php?rest_route=\/wp\/v2\/media\/5722"}],"wp:attachment":[{"href":"https:\/\/notiissa.mx\/index.php?rest_route=%2Fwp%2Fv2%2Fmedia&parent=5721"}],"wp:term":[{"taxonomy":"category","embeddable":true,"href":"https:\/\/notiissa.mx\/index.php?rest_route=%2Fwp%2Fv2%2Fcategories&post=5721"},{"taxonomy":"post_tag","embeddable":true,"href":"https:\/\/notiissa.mx\/index.php?rest_route=%2Fwp%2Fv2%2Ftags&post=5721"}],"curies":[{"name":"wp","href":"https:\/\/api.w.org\/{rel}","templated":true}]}}