{"id":5718,"date":"2015-09-26T03:26:14","date_gmt":"2015-09-26T03:26:14","guid":{"rendered":"http:\/\/notiissa.mx\/?p=5718"},"modified":"2015-09-26T03:27:12","modified_gmt":"2015-09-26T03:27:12","slug":"descuidado-y-peligroso-el-corazon-de-la-ciudad-maru-campos","status":"publish","type":"post","link":"https:\/\/notiissa.mx\/?p=5718","title":{"rendered":"Descuidado y peligroso, el coraz\u00f3n de la ciudad: Maru Campos"},"content":{"rendered":"<p id=\"yui_3_16_0_1_1443232664167_28348\" class=\"yiv9836643423\" style=\"text-align: justify;\"><span id=\"yui_3_16_0_1_1443232664167_28347\">Chihuahua.- Resulta incre\u00edble que la presidencia municipal de Chihuahua no invierta en reparar los enormes baches que existen en pleno centro de la ciudad, se\u00f1al\u00f3 la subcoordinadora parlamentaria del Partido Acci\u00f3n Nacional, Maru Campos Galv\u00e1n.<\/span><\/p>\n<p id=\"yui_3_16_0_1_1443232664167_28351\" class=\"yiv9836643423\"><span id=\"yui_3_16_0_1_1443232664167_28350\">La legisladora del PAN acudi\u00f3 este viernes al centro de la ciudad, en plena calle Cuarta, entre la Ni\u00f1os H\u00e9roes y Ju\u00e1rez, a donde acudi\u00f3 a petici\u00f3n de los comerciantes de esta zona, que le pidieron el apoyo en la gesti\u00f3n para solucionar los baches.<\/span><\/p>\n<p id=\"yui_3_16_0_1_1443232664167_28357\" class=\"yiv9836643423\" style=\"text-align: justify;\"><span id=\"yui_3_16_0_1_1443232664167_28356\">\u00abNos pidieron que atendi\u00e9ramos estos baches que tienen m\u00e1s de a\u00f1o y medio, el problema no es solamente cuando pasan los carros y los veh\u00edculos se da\u00f1an, sino que cuando pasan tambi\u00e9n sueltan piedras y esto puede causar da\u00f1o a los transe\u00fantes\u00bb, dijo.<\/span><\/p>\n<p id=\"yui_3_16_0_1_1443232664167_28360\" class=\"yiv9836643423\" style=\"text-align: justify;\"><span id=\"yui_3_16_0_1_1443232664167_28359\">Maru recibi\u00f3 la queja de locatarios, encabezados por Gilberto Aldana, as\u00ed como de taxistas y peatones, que se quejaron de que toda la zona est\u00e1 sumida en un solo bache.<\/span><\/p>\n<p id=\"yui_3_16_0_1_1443232664167_28363\" class=\"yiv9836643423\" style=\"text-align: justify;\"><span id=\"yui_3_16_0_1_1443232664167_28362\">\u00abExigimos contundentemente al alcalde de Chihuahua, Javier Garfio, que ponga atenci\u00f3n en estos baches, no puede ser que hayan quitado el pavimento y hayan puesto el adoqu\u00edn por una cuesti\u00f3n est\u00e9tica y ahora la gente est\u00e9 sufriendo las consecuencias\u00bb, sentenci\u00f3.<\/span><\/p>\n<p id=\"yui_3_16_0_1_1443232664167_28365\" class=\"yiv9836643423\" style=\"text-align: justify;\"><span id=\"yui_3_16_0_1_1443232664167_28364\">Finalmente, Maru se comprometi\u00f3 a darle seguimiento a la gesti\u00f3n ante las autoridades municipales, para poder encontrar una soluci\u00f3n a esta fuerte problem\u00e1tica en el coraz\u00f3n comercial de la ciudad.<\/span><\/p>\n<p id=\"yui_3_16_0_1_1443232664167_28377\" class=\"yiv9836643423\">\n","protected":false},"excerpt":{"rendered":"<p>Chihuahua.- Resulta incre\u00edble que la presidencia municipal de Chihuahua no invierta en reparar los enormes baches que existen en pleno centro de la ciudad, se\u00f1al\u00f3 la subcoordinadora parlamentaria del Partido Acci\u00f3n Nacional, Maru Campos Galv\u00e1n. La legisladora del PAN acudi\u00f3 este viernes al centro de la ciudad, en plena calle Cuarta, entre la Ni\u00f1os H\u00e9roes [&hellip;]<\/p>\n","protected":false},"author":1,"featured_media":5719,"comment_status":"open","ping_status":"open","sticky":false,"template":"","format":"standard","meta":{"rop_custom_images_group":[],"rop_custom_messages_group":[],"rop_publish_now":"initial","rop_publish_now_accounts":[],"rop_publish_now_history":[],"rop_publish_now_status":"pending","footnotes":""},"categories":[60],"tags":[],"class_list":["post-5718","post","type-post","status-publish","format-standard","has-post-thumbnail","hentry","category-sonnoticia"],"_links":{"self":[{"href":"https:\/\/notiissa.mx\/index.php?rest_route=\/wp\/v2\/posts\/5718","targetHints":{"allow":["GET"]}}],"collection":[{"href":"https:\/\/notiissa.mx\/index.php?rest_route=\/wp\/v2\/posts"}],"about":[{"href":"https:\/\/notiissa.mx\/index.php?rest_route=\/wp\/v2\/types\/post"}],"author":[{"embeddable":true,"href":"https:\/\/notiissa.mx\/index.php?rest_route=\/wp\/v2\/users\/1"}],"replies":[{"embeddable":true,"href":"https:\/\/notiissa.mx\/index.php?rest_route=%2Fwp%2Fv2%2Fcomments&post=5718"}],"version-history":[{"count":1,"href":"https:\/\/notiissa.mx\/index.php?rest_route=\/wp\/v2\/posts\/5718\/revisions"}],"predecessor-version":[{"id":5720,"href":"https:\/\/notiissa.mx\/index.php?rest_route=\/wp\/v2\/posts\/5718\/revisions\/5720"}],"wp:featuredmedia":[{"embeddable":true,"href":"https:\/\/notiissa.mx\/index.php?rest_route=\/wp\/v2\/media\/5719"}],"wp:attachment":[{"href":"https:\/\/notiissa.mx\/index.php?rest_route=%2Fwp%2Fv2%2Fmedia&parent=5718"}],"wp:term":[{"taxonomy":"category","embeddable":true,"href":"https:\/\/notiissa.mx\/index.php?rest_route=%2Fwp%2Fv2%2Fcategories&post=5718"},{"taxonomy":"post_tag","embeddable":true,"href":"https:\/\/notiissa.mx\/index.php?rest_route=%2Fwp%2Fv2%2Ftags&post=5718"}],"curies":[{"name":"wp","href":"https:\/\/api.w.org\/{rel}","templated":true}]}}