{"id":57103,"date":"2023-07-18T18:18:40","date_gmt":"2023-07-18T18:18:40","guid":{"rendered":"https:\/\/notiissa.mx\/?p=57103"},"modified":"2023-07-18T21:28:12","modified_gmt":"2023-07-18T21:28:12","slug":"ofrece-dif-estatal-curso-de-natacion-a-ninas-y-ninos-de-la-casa-cuna","status":"publish","type":"post","link":"https:\/\/notiissa.mx\/?p=57103","title":{"rendered":"Inicia DIF Estatal curso de nataci\u00f3n a ni\u00f1as y ni\u00f1os de la Casa Cuna"},"content":{"rendered":"<p><strong>Ciudad de Chihuahua.-<\/strong> Con la finalidad de ofrecer una alternativa de recreaci\u00f3n durante la \u00e9poca de vacaciones, la direcci\u00f3n de Esparcimiento del DIF Estatal, comenz\u00f3 con cursos de nataci\u00f3n para ni\u00f1as y ni\u00f1os de la casa cuna.<\/p>\n<p>David Borjas Mel\u00e9ndez, director de esparcimiento, indic\u00f3 que, alrededor de 30 ni\u00f1as y ni\u00f1os que encuentran bajo tutela del estado, tendr\u00e1n la oportunidad de aprender t\u00e9cnicas de nado que en un futuro les ser\u00e1n \u00fatiles para salvar sus vidas en caso de necesitarlo.<\/p>\n<p>La idea es, que estas actividades sean permanentes y se les contin\u00faen dando t\u00e9cnicas de nataci\u00f3n como deporte y recreaci\u00f3n, mejorando de esta forma su conducta, al ofrecerles una disciplina.<\/p>\n<p>La alberca DIF se encuentra en \u00f3ptimas condiciones para dar atenci\u00f3n durante la tarde a las ni\u00f1as y los ni\u00f1os de la casa cuna, para tal efecto los instructores se han dado a la tarea de hacer din\u00e1micas divertidas, pero a la vez efectivas que les permita avanzar en el prop\u00f3sito de activarlos f\u00edsicamente.<\/p>\n<p>Para que las ni\u00f1as y ni\u00f1os de la casa cuna est\u00e9n ocupados en actividades lucrativas durante el verano, tambi\u00e9n se les dar\u00e1n cursos y talleres en el Museo Semilla Interactivo.<\/p>\n","protected":false},"excerpt":{"rendered":"<p>Ciudad de Chihuahua.- Con la finalidad de ofrecer una alternativa de recreaci\u00f3n durante la \u00e9poca de vacaciones, la direcci\u00f3n de Esparcimiento del DIF Estatal, comenz\u00f3 con cursos de nataci\u00f3n para ni\u00f1as y ni\u00f1os de la casa cuna. David Borjas Mel\u00e9ndez, director de esparcimiento, indic\u00f3 que, alrededor de 30 ni\u00f1as y ni\u00f1os que encuentran bajo tutela [&hellip;]<\/p>\n","protected":false},"author":1,"featured_media":57104,"comment_status":"closed","ping_status":"open","sticky":false,"template":"","format":"standard","meta":{"rop_custom_images_group":[],"rop_custom_messages_group":[],"rop_publish_now":"initial","rop_publish_now_accounts":[],"rop_publish_now_history":[],"rop_publish_now_status":"pending","footnotes":""},"categories":[67],"tags":[23],"class_list":["post-57103","post","type-post","status-publish","format-standard","has-post-thumbnail","hentry","category-ciudad","tag-destacado"],"_links":{"self":[{"href":"https:\/\/notiissa.mx\/index.php?rest_route=\/wp\/v2\/posts\/57103","targetHints":{"allow":["GET"]}}],"collection":[{"href":"https:\/\/notiissa.mx\/index.php?rest_route=\/wp\/v2\/posts"}],"about":[{"href":"https:\/\/notiissa.mx\/index.php?rest_route=\/wp\/v2\/types\/post"}],"author":[{"embeddable":true,"href":"https:\/\/notiissa.mx\/index.php?rest_route=\/wp\/v2\/users\/1"}],"replies":[{"embeddable":true,"href":"https:\/\/notiissa.mx\/index.php?rest_route=%2Fwp%2Fv2%2Fcomments&post=57103"}],"version-history":[{"count":2,"href":"https:\/\/notiissa.mx\/index.php?rest_route=\/wp\/v2\/posts\/57103\/revisions"}],"predecessor-version":[{"id":57124,"href":"https:\/\/notiissa.mx\/index.php?rest_route=\/wp\/v2\/posts\/57103\/revisions\/57124"}],"wp:featuredmedia":[{"embeddable":true,"href":"https:\/\/notiissa.mx\/index.php?rest_route=\/wp\/v2\/media\/57104"}],"wp:attachment":[{"href":"https:\/\/notiissa.mx\/index.php?rest_route=%2Fwp%2Fv2%2Fmedia&parent=57103"}],"wp:term":[{"taxonomy":"category","embeddable":true,"href":"https:\/\/notiissa.mx\/index.php?rest_route=%2Fwp%2Fv2%2Fcategories&post=57103"},{"taxonomy":"post_tag","embeddable":true,"href":"https:\/\/notiissa.mx\/index.php?rest_route=%2Fwp%2Fv2%2Ftags&post=57103"}],"curies":[{"name":"wp","href":"https:\/\/api.w.org\/{rel}","templated":true}]}}