{"id":57094,"date":"2023-07-18T17:45:08","date_gmt":"2023-07-18T17:45:08","guid":{"rendered":"https:\/\/notiissa.mx\/?p=57094"},"modified":"2023-07-18T17:45:08","modified_gmt":"2023-07-18T17:45:08","slug":"bacalar-y-mahahual-lideran-preferencias-turisticas-en-el-sur-de-quintana-roo","status":"publish","type":"post","link":"https:\/\/notiissa.mx\/?p=57094","title":{"rendered":"Bacalar y Mahahual lideran preferencias tur\u00edsticas en el sur de Quintana Roo"},"content":{"rendered":"<p>Quintana Roo, M\u00e9xico.- Los hoteleros de Bacalar y Mahahual prev\u00e9n que tendr\u00e1n una ocupaci\u00f3n hotelera por encima del 80%, por ser destinos de preferencia tur\u00edstica al sur de Quintana Roo, as\u00ed lo se\u00f1al\u00f3 el presidente de la Asociaci\u00f3n de hoteles y servicios tur\u00edsticos de la zona, Ra\u00fal Andrade Angulo.<\/p>\n<p>Adem\u00e1s, Andrade coment\u00f3 que los visitantes les prefieren porque buscan aminorar el impacto de las altas temperaturas que se est\u00e1n viviendo en el pa\u00eds y por eso buscan destinos de sol y playa, por lo que podr\u00edan alcanzar un lleno total en Bacalar y Mahahual, a diferencia de Chetumal donde proyectan ser\u00e1 menor.<\/p>\n<p>\u201cLo m\u00e1s demandado es sol y playa y por eso esperamos tener una buena temporada y tener expectativas por arriba del 80% de ocupaci\u00f3n en el periodo vacacional, pero en Chetumal esperamos un poquito menos porque lo que buscan es sol y playa, pero esperamos posicionar m\u00e1s la capital del Estado\u201d, coment\u00f3 Andrade, seg\u00fan lo recoge Galu.<\/p>\n<p>De acuerdo con los datos de la Asociaci\u00f3n, los destinos cerraron con 77% de ocupaci\u00f3n hotelera en el mismo periodo de 2022, sin embargo, consideran que este a\u00f1o ser\u00e1 m\u00e1s alta porque la oferta de hoteles ha crecido en Bacalar y Mahahual principalmente.<\/p>\n<p>Como dijo <em>REPORTUR.mx<\/em>, recientemente los ambientalistas de Bacalar anunciaron que har\u00edan una solicitud formal a la Secretar\u00eda de la Defensa Nacional (Sedena), encargada del tramo 6 del Tren Maya, para que el paso del ferrocarril sea elevado por todo el sistema lagunar.<\/p>\n","protected":false},"excerpt":{"rendered":"<p>Quintana Roo, M\u00e9xico.- Los hoteleros de Bacalar y Mahahual prev\u00e9n que tendr\u00e1n una ocupaci\u00f3n hotelera por encima del 80%, por ser destinos de preferencia tur\u00edstica al sur de Quintana Roo, as\u00ed lo se\u00f1al\u00f3 el presidente de la Asociaci\u00f3n de hoteles y servicios tur\u00edsticos de la zona, Ra\u00fal Andrade Angulo. Adem\u00e1s, Andrade coment\u00f3 que los visitantes [&hellip;]<\/p>\n","protected":false},"author":1,"featured_media":57095,"comment_status":"closed","ping_status":"open","sticky":false,"template":"","format":"standard","meta":{"rop_custom_images_group":[],"rop_custom_messages_group":[],"rop_publish_now":"initial","rop_publish_now_accounts":[],"rop_publish_now_history":[],"rop_publish_now_status":"pending","footnotes":""},"categories":[61,66],"tags":[23],"class_list":["post-57094","post","type-post","status-publish","format-standard","has-post-thumbnail","hentry","category-economia","category-estilo-de-vida","tag-destacado"],"_links":{"self":[{"href":"https:\/\/notiissa.mx\/index.php?rest_route=\/wp\/v2\/posts\/57094","targetHints":{"allow":["GET"]}}],"collection":[{"href":"https:\/\/notiissa.mx\/index.php?rest_route=\/wp\/v2\/posts"}],"about":[{"href":"https:\/\/notiissa.mx\/index.php?rest_route=\/wp\/v2\/types\/post"}],"author":[{"embeddable":true,"href":"https:\/\/notiissa.mx\/index.php?rest_route=\/wp\/v2\/users\/1"}],"replies":[{"embeddable":true,"href":"https:\/\/notiissa.mx\/index.php?rest_route=%2Fwp%2Fv2%2Fcomments&post=57094"}],"version-history":[{"count":1,"href":"https:\/\/notiissa.mx\/index.php?rest_route=\/wp\/v2\/posts\/57094\/revisions"}],"predecessor-version":[{"id":57096,"href":"https:\/\/notiissa.mx\/index.php?rest_route=\/wp\/v2\/posts\/57094\/revisions\/57096"}],"wp:featuredmedia":[{"embeddable":true,"href":"https:\/\/notiissa.mx\/index.php?rest_route=\/wp\/v2\/media\/57095"}],"wp:attachment":[{"href":"https:\/\/notiissa.mx\/index.php?rest_route=%2Fwp%2Fv2%2Fmedia&parent=57094"}],"wp:term":[{"taxonomy":"category","embeddable":true,"href":"https:\/\/notiissa.mx\/index.php?rest_route=%2Fwp%2Fv2%2Fcategories&post=57094"},{"taxonomy":"post_tag","embeddable":true,"href":"https:\/\/notiissa.mx\/index.php?rest_route=%2Fwp%2Fv2%2Ftags&post=57094"}],"curies":[{"name":"wp","href":"https:\/\/api.w.org\/{rel}","templated":true}]}}