{"id":5690,"date":"2015-09-24T22:37:01","date_gmt":"2015-09-24T22:37:01","guid":{"rendered":"http:\/\/notiissa.mx\/?p=5690"},"modified":"2015-09-24T22:37:01","modified_gmt":"2015-09-24T22:37:01","slug":"rusia-confirma-que-putin-y-obama-se-reuniran-en-nueva-york","status":"publish","type":"post","link":"https:\/\/notiissa.mx\/?p=5690","title":{"rendered":"Rusia confirma que Putin y Obama se reunir\u00e1n en Nueva York"},"content":{"rendered":"<div class=\"arcticle-summary\">\n<p style=\"text-align: justify;\">Rusia confirma que Vlad\u00edmir Putin y Barack Obama se reunir\u00e1n en Nueva York, inform\u00f3 el portavoz del presidente ruso, Dmitri Peskov.<\/p>\n<\/div>\n<div class=\"arcticle-content\">\n<p style=\"text-align: justify;\">\u00abUna reuni\u00f3n entre el presidente de la Federaci\u00f3n de Rusia, <a href=\"http:\/\/actualidad.rt.com\/actualidad\/170507-vladimir-putin-presidente-rusia\" target=\"_blank\">Vlad\u00edmir Putin<\/a>, y el presidente estadounidense, <a href=\"http:\/\/actualidad.rt.com\/actualidad\/166596-presidente-barack-obama-eeuu\" target=\"_blank\">Barack Obama<\/a>\u00a0ha sido acordada para el lunes en Nueva York\u00bb, inform\u00f3 el portavoz del presidente ruso, Dmitri Peskov, citado por <a href=\"http:\/\/www.interfax.ru\/russia\/469049\" target=\"_blank\">Interfax<\/a>.<\/p>\n<p style=\"text-align: justify;\">El mandatario ruso llegar\u00e1 a Estados Unidos el pr\u00f3ximo lunes para intervenir en la 70\u00ba sesi\u00f3n de la Asamblea General de la\u00a0<a href=\"http:\/\/actualidad.rt.com\/actualidad\/167479-organizacion-naciones-unidas-onu\" target=\"_blank\">ONU<\/a>.<\/p>\n<p style=\"text-align: justify;\">Seg\u00fan el ministro ruso de Exteriores, <a href=\"http:\/\/actualidad.rt.com\/actualidad\/164633-lavrov-politica-rusia\" target=\"_blank\">Sergu\u00e9i Lavrov<\/a>, Vlad\u00edmir Putin, abordar\u00e1 en su discurso la situaci\u00f3n en Siria, la crisis econ\u00f3mica mundial y, probablemente, las sanciones impuestas a Rusia.<\/p>\n<p style=\"text-align: justify;\">La Casa Blanca tambi\u00e9n confirm\u00f3 que la reuni\u00f3n de Obama con Putin tendr\u00e1 lugar en el marco de la Asamblea General de la ONU.\u00a0El presidente estadounidense espera discutir con su hom\u00f3logo ruso la situaci\u00f3n en Siria y en Ucrania, con especial atenci\u00f3n en el cumplimiento del acuerdo de Minsk por las partes enfrentadas en el conflicto ucraniano.<\/p>\n<p style=\"text-align: justify;\">Asimismo, Peskov confirm\u00f3 que durante su estancia en Nueva York Vlad\u00edmir Putin tambi\u00e9n tiene previsto hablar con el secretario general de la ONU, Ban Ki-moon.<\/p>\n<p style=\"text-align: justify;\">Los contactos entre Putin y Obama se han espaciado mucho a ra\u00edz de la crisis en Ucrania. La \u00faltima vez que se reunieron fue casi hace un a\u00f1o, en noviembre de 2014, cuando participaron en la cumbre de la APEC en China. En los \u00faltimos meses, ambos mandatarios solo han hablado tres veces por tel\u00e9fono.<\/p>\n<\/div>\n","protected":false},"excerpt":{"rendered":"<p>Rusia confirma que Vlad\u00edmir Putin y Barack Obama se reunir\u00e1n en Nueva York, inform\u00f3 el portavoz del presidente ruso, Dmitri Peskov. \u00abUna reuni\u00f3n entre el presidente de la Federaci\u00f3n de Rusia, Vlad\u00edmir Putin, y el presidente estadounidense, Barack Obama\u00a0ha sido acordada para el lunes en Nueva York\u00bb, inform\u00f3 el portavoz del presidente ruso, Dmitri Peskov, [&hellip;]<\/p>\n","protected":false},"author":1,"featured_media":5691,"comment_status":"open","ping_status":"open","sticky":false,"template":"","format":"standard","meta":{"rop_custom_images_group":[],"rop_custom_messages_group":[],"rop_publish_now":"initial","rop_publish_now_accounts":[],"rop_publish_now_history":[],"rop_publish_now_status":"pending","footnotes":""},"categories":[60],"tags":[],"class_list":["post-5690","post","type-post","status-publish","format-standard","has-post-thumbnail","hentry","category-sonnoticia"],"_links":{"self":[{"href":"https:\/\/notiissa.mx\/index.php?rest_route=\/wp\/v2\/posts\/5690","targetHints":{"allow":["GET"]}}],"collection":[{"href":"https:\/\/notiissa.mx\/index.php?rest_route=\/wp\/v2\/posts"}],"about":[{"href":"https:\/\/notiissa.mx\/index.php?rest_route=\/wp\/v2\/types\/post"}],"author":[{"embeddable":true,"href":"https:\/\/notiissa.mx\/index.php?rest_route=\/wp\/v2\/users\/1"}],"replies":[{"embeddable":true,"href":"https:\/\/notiissa.mx\/index.php?rest_route=%2Fwp%2Fv2%2Fcomments&post=5690"}],"version-history":[{"count":1,"href":"https:\/\/notiissa.mx\/index.php?rest_route=\/wp\/v2\/posts\/5690\/revisions"}],"predecessor-version":[{"id":5692,"href":"https:\/\/notiissa.mx\/index.php?rest_route=\/wp\/v2\/posts\/5690\/revisions\/5692"}],"wp:featuredmedia":[{"embeddable":true,"href":"https:\/\/notiissa.mx\/index.php?rest_route=\/wp\/v2\/media\/5691"}],"wp:attachment":[{"href":"https:\/\/notiissa.mx\/index.php?rest_route=%2Fwp%2Fv2%2Fmedia&parent=5690"}],"wp:term":[{"taxonomy":"category","embeddable":true,"href":"https:\/\/notiissa.mx\/index.php?rest_route=%2Fwp%2Fv2%2Fcategories&post=5690"},{"taxonomy":"post_tag","embeddable":true,"href":"https:\/\/notiissa.mx\/index.php?rest_route=%2Fwp%2Fv2%2Ftags&post=5690"}],"curies":[{"name":"wp","href":"https:\/\/api.w.org\/{rel}","templated":true}]}}