{"id":5684,"date":"2015-09-24T22:30:47","date_gmt":"2015-09-24T22:30:47","guid":{"rendered":"http:\/\/notiissa.mx\/?p=5684"},"modified":"2015-09-24T22:30:47","modified_gmt":"2015-09-24T22:30:47","slug":"la-corte-de-la-haya-falla-a-favor-de-bolivia-en-su-reclamacion-a-chile-de-un-acceso-al-mar","status":"publish","type":"post","link":"https:\/\/notiissa.mx\/?p=5684","title":{"rendered":"La Corte de La Haya falla a favor de Bolivia en su reclamaci\u00f3n a Chile de un acceso al mar"},"content":{"rendered":"<div class=\"arcticle-summary\">\n<p style=\"text-align: justify;\">La Corte Internacional de Justicia de La Haya (CIJ) se declara competente en la demanda mar\u00edtima de Bolivia, que hist\u00f3ricamente exige a Chile un acceso al Pac\u00edfico. La decisi\u00f3n es favorable a Bolivia.<\/p>\n<\/div>\n<div class=\"arcticle-content\">\n<p style=\"text-align: justify;\">La Haya ha resuelto seguir adelante con el litigio entre Bolivia y Chile por el acceso al mar. 14 magistrados de la Haya votaron a favor de la competencia de la corte para seguir con la demanda presentada por Bolivia en contra de Chile. Dos magistrados votaron en contra.<\/p>\n<p style=\"text-align: justify;\">La decisi\u00f3n es favorable a Bolivia, ya que implica que el proceso continuar\u00e1.\u00a0Si la Corte se hubiera declarado incompetente, el proceso habr\u00eda concluido, obligando a Bolivia buscar otras v\u00edas para satisfacer su reclamaci\u00f3n.<\/p>\n<p style=\"text-align: justify;\">Chile basa su argumentaci\u00f3n en el hecho de que Bolivia le cedi\u00f3 su litoral y firm\u00f3 un tratado al respecto en 1904. Sin embargo, el Pacto de Bogot\u00e1 firmado en 1948, uno de los documentos que reglamentan la jurisdicci\u00f3n de la CIJ, establece que esta corte no puede dirimir asuntos \u00abya resueltos por acuerdos entre las partes, por fallo arbitral o por decisi\u00f3n de un tribunal internacional\u00bb, as\u00ed como los asuntos \u00abregidos por acuerdos o tratados\u00bb que ya estaban en vigor cuando se concluy\u00f3 el Pacto, <a href=\"http:\/\/www.icj-cij.org\/docket\/files\/153\/18758.pdf\" target=\"_blank\">escribieron<\/a>\u00a0los magistrados.<\/p>\n<p style=\"text-align: justify;\">No obstante, seg\u00fan ellos, la disputa entre Chile y Bolivia no se ajusta a estas limitaciones.\u00a0A partir del fallo de hoy arranca el proceso propiamente dicho, lo que obliga a Chile a responder a la demanda de Bolivia.<\/p>\n<p style=\"text-align: justify;\">\u00abSe trata de una victoria preliminar\u00bb, opin\u00f3 el exmandatorio boliviano Eduardo Rodr\u00edguez, \u00fanico representante oficial de este pa\u00eds que estuvo presente hoy en La Haya.<\/p>\n<\/div>\n","protected":false},"excerpt":{"rendered":"<p>La Corte Internacional de Justicia de La Haya (CIJ) se declara competente en la demanda mar\u00edtima de Bolivia, que hist\u00f3ricamente exige a Chile un acceso al Pac\u00edfico. La decisi\u00f3n es favorable a Bolivia. La Haya ha resuelto seguir adelante con el litigio entre Bolivia y Chile por el acceso al mar. 14 magistrados de la [&hellip;]<\/p>\n","protected":false},"author":1,"featured_media":5685,"comment_status":"open","ping_status":"open","sticky":false,"template":"","format":"standard","meta":{"rop_custom_images_group":[],"rop_custom_messages_group":[],"rop_publish_now":"initial","rop_publish_now_accounts":[],"rop_publish_now_history":[],"rop_publish_now_status":"pending","footnotes":""},"categories":[60],"tags":[],"class_list":["post-5684","post","type-post","status-publish","format-standard","has-post-thumbnail","hentry","category-sonnoticia"],"_links":{"self":[{"href":"https:\/\/notiissa.mx\/index.php?rest_route=\/wp\/v2\/posts\/5684","targetHints":{"allow":["GET"]}}],"collection":[{"href":"https:\/\/notiissa.mx\/index.php?rest_route=\/wp\/v2\/posts"}],"about":[{"href":"https:\/\/notiissa.mx\/index.php?rest_route=\/wp\/v2\/types\/post"}],"author":[{"embeddable":true,"href":"https:\/\/notiissa.mx\/index.php?rest_route=\/wp\/v2\/users\/1"}],"replies":[{"embeddable":true,"href":"https:\/\/notiissa.mx\/index.php?rest_route=%2Fwp%2Fv2%2Fcomments&post=5684"}],"version-history":[{"count":1,"href":"https:\/\/notiissa.mx\/index.php?rest_route=\/wp\/v2\/posts\/5684\/revisions"}],"predecessor-version":[{"id":5686,"href":"https:\/\/notiissa.mx\/index.php?rest_route=\/wp\/v2\/posts\/5684\/revisions\/5686"}],"wp:featuredmedia":[{"embeddable":true,"href":"https:\/\/notiissa.mx\/index.php?rest_route=\/wp\/v2\/media\/5685"}],"wp:attachment":[{"href":"https:\/\/notiissa.mx\/index.php?rest_route=%2Fwp%2Fv2%2Fmedia&parent=5684"}],"wp:term":[{"taxonomy":"category","embeddable":true,"href":"https:\/\/notiissa.mx\/index.php?rest_route=%2Fwp%2Fv2%2Fcategories&post=5684"},{"taxonomy":"post_tag","embeddable":true,"href":"https:\/\/notiissa.mx\/index.php?rest_route=%2Fwp%2Fv2%2Ftags&post=5684"}],"curies":[{"name":"wp","href":"https:\/\/api.w.org\/{rel}","templated":true}]}}