{"id":5672,"date":"2015-09-24T22:02:16","date_gmt":"2015-09-24T22:02:16","guid":{"rendered":"http:\/\/notiissa.mx\/?p=5672"},"modified":"2015-09-24T22:02:16","modified_gmt":"2015-09-24T22:02:16","slug":"seleccionan-a-tres-cantantes-de-opera-para-residencias-en-monterrey","status":"publish","type":"post","link":"https:\/\/notiissa.mx\/?p=5672","title":{"rendered":"Seleccionan a tres cantantes de \u00f3pera para residencias en Monterrey"},"content":{"rendered":"<p style=\"text-align: justify;\">Chihuahua.-Luego de presentar su recital en las audiciones del pasado 11 de septiembre, el jurado asignado por CONARTE seleccion\u00f3 a tres cantantes para las Residencias de \u00d3pera del Noreste.<\/p>\n<hr \/>\n<p style=\"text-align: justify;\">\n<p>El talento oper\u00edstico del estado de Chihuahua estar\u00e1 presente en las Residencias de \u00d3pera del Noreste en la ciudad de Monterrey del 6 al 22 de noviembre del presente a\u00f1o con la selecci\u00f3n de tres cantantes de \u00f3pera tras las audiciones realizadas el pasado 11 de septiembre.<\/p>\n<p style=\"text-align: justify;\">Daniel Gallegos Gonz\u00e1lez de 23 a\u00f1os con tesitura bar\u00edtono, Andr\u00e9s Anibal Acevedo Pur\u00f3n de 27 a\u00f1os con tesitura tenor e Ilse Viridiana Dur\u00f3n Estrada de 24 a\u00f1os con tesitura soprano, tendr\u00e1n la oportunidad de permanecer durante 16 d\u00edas en preparaci\u00f3n para su perfeccionamiento art\u00edstico.<\/p>\n<p style=\"text-align: justify;\">La convocatoria para las Residencias de \u00d3pera del Noreste surge tras la necesidad de ampliar el apoyo a los cantantes de cualquier g\u00e9nero por medio del Fondo del Consejo para las Culturas y las Artes de Nuevo Le\u00f3n (CONARTE) en el que participan los estados del noreste, Durango, Coahuila, Chihuahua, Nuevo Le\u00f3n y Tamaulipas.<\/p>\n<p style=\"text-align: justify;\">El viernes 11 de septiembre en la Sala de Ensayos de la OFECH se realizaron las audiciones, present\u00e1ndose 12 participantes que respondieron a la convocatoria emitida desde el 31 de julio del presente a\u00f1o en donde los jurados especialistas en m\u00fasica y asignados por CONARTE, Yvonne Rebeca Garza Garc\u00eda, Irma Sof\u00eda Herrera Rasc\u00f3n y Jes\u00fas Gabriela Flores Olvera, dieron el fallo de los seleccionados.<\/p>\n<p style=\"text-align: justify;\">Los tres seleccionados viajar\u00e1n a la ciudad de Monterrey con todos los gastos pagados para recibir instrucciones y herramientas para perfeccionar m\u00e9todos de canto, adem\u00e1s de talleres de actuaci\u00f3n, movimiento esc\u00e9nico y corporal, repertorio, imagen e historia de la \u00f3pera; lo cual ayudar\u00e1 a los residentes en el recital que deber\u00e1n presentar al finalizar la instancia.<\/p>\n<p style=\"text-align: justify;\">En este \u00faltimo recital, en autom\u00e1tico los cantantes entran al certamen en donde se seleccionar\u00e1n a los participantes que se integrar\u00e1n a la Gira de Galas de \u00d3pera que se desarrollar\u00e1n en los cinco estados que conforman la zona noreste del CONARTE.<\/p>\n<p>Mayores Informes:<br \/>\nArtes Esc\u00e9nicas ICHICULT<br \/>\nCynthia Rodr\u00edguez<br \/>\n(614) 214-4800 ext. 257<\/p>\n","protected":false},"excerpt":{"rendered":"<p>Chihuahua.-Luego de presentar su recital en las audiciones del pasado 11 de septiembre, el jurado asignado por CONARTE seleccion\u00f3 a tres cantantes para las Residencias de \u00d3pera del Noreste. El talento oper\u00edstico del estado de Chihuahua estar\u00e1 presente en las Residencias de \u00d3pera del Noreste en la ciudad de Monterrey del 6 al 22 de [&hellip;]<\/p>\n","protected":false},"author":1,"featured_media":5673,"comment_status":"open","ping_status":"open","sticky":false,"template":"","format":"standard","meta":{"rop_custom_images_group":[],"rop_custom_messages_group":[],"rop_publish_now":"initial","rop_publish_now_accounts":[],"rop_publish_now_history":[],"rop_publish_now_status":"pending","footnotes":""},"categories":[62],"tags":[],"class_list":["post-5672","post","type-post","status-publish","format-standard","has-post-thumbnail","hentry","category-cultura"],"_links":{"self":[{"href":"https:\/\/notiissa.mx\/index.php?rest_route=\/wp\/v2\/posts\/5672","targetHints":{"allow":["GET"]}}],"collection":[{"href":"https:\/\/notiissa.mx\/index.php?rest_route=\/wp\/v2\/posts"}],"about":[{"href":"https:\/\/notiissa.mx\/index.php?rest_route=\/wp\/v2\/types\/post"}],"author":[{"embeddable":true,"href":"https:\/\/notiissa.mx\/index.php?rest_route=\/wp\/v2\/users\/1"}],"replies":[{"embeddable":true,"href":"https:\/\/notiissa.mx\/index.php?rest_route=%2Fwp%2Fv2%2Fcomments&post=5672"}],"version-history":[{"count":1,"href":"https:\/\/notiissa.mx\/index.php?rest_route=\/wp\/v2\/posts\/5672\/revisions"}],"predecessor-version":[{"id":5674,"href":"https:\/\/notiissa.mx\/index.php?rest_route=\/wp\/v2\/posts\/5672\/revisions\/5674"}],"wp:featuredmedia":[{"embeddable":true,"href":"https:\/\/notiissa.mx\/index.php?rest_route=\/wp\/v2\/media\/5673"}],"wp:attachment":[{"href":"https:\/\/notiissa.mx\/index.php?rest_route=%2Fwp%2Fv2%2Fmedia&parent=5672"}],"wp:term":[{"taxonomy":"category","embeddable":true,"href":"https:\/\/notiissa.mx\/index.php?rest_route=%2Fwp%2Fv2%2Fcategories&post=5672"},{"taxonomy":"post_tag","embeddable":true,"href":"https:\/\/notiissa.mx\/index.php?rest_route=%2Fwp%2Fv2%2Ftags&post=5672"}],"curies":[{"name":"wp","href":"https:\/\/api.w.org\/{rel}","templated":true}]}}