{"id":5610,"date":"2015-09-23T15:37:19","date_gmt":"2015-09-23T15:37:19","guid":{"rendered":"http:\/\/notiissa.mx\/?p=5610"},"modified":"2015-09-23T15:37:19","modified_gmt":"2015-09-23T15:37:19","slug":"los-catalanes-perderan-la-nacionalidad-espanola-si-se-independizan","status":"publish","type":"post","link":"https:\/\/notiissa.mx\/?p=5610","title":{"rendered":"Los catalanes perder\u00e1n la nacionalidad espa\u00f1ola si se independizan"},"content":{"rendered":"<div class=\"arcticle-summary\">\n<p style=\"text-align: justify;\">\u00abCuando uno se sale de un pa\u00eds abandona todos los atributos que le da la pertenencia a ese pa\u00eds\u00bb, se\u00f1al\u00f3 el ministro espa\u00f1ol de Exteriores, Jos\u00e9 Manuel Garc\u00eda Margallo, en relaci\u00f3n a una posible declaraci\u00f3n de independencia de Catalu\u00f1a,<\/p>\n<\/div>\n<div class=\"arcticle-content\">\n<p style=\"text-align: justify;\">Jos\u00e9 Manuel Garc\u00eda Margallo, ministro espa\u00f1ol de Exteriores y Cooperaci\u00f3n, afirm\u00f3 que los catalanes \u00aben absoluto\u00bb podr\u00e1n mantener la nacionalidad espa\u00f1ola si Catalu\u00f1a se independiza del resto de Espa\u00f1a, seg\u00fan el diario <a href=\"http:\/\/www.elmundo.es\/espana\/2015\/09\/23\/5602612e46163f6f6a8b456e.html\" target=\"_blank\">&#8216;El Mundo&#8217;<\/a>.<\/p>\n<p style=\"text-align: justify;\">Margallo se ha remitido a la Constituci\u00f3n de C\u00e1diz de 1812 para argumentar que los ciudadanos de Am\u00e9rica Latina perdieron la nacionalidad espa\u00f1ola cuando sus pa\u00edses se independizaron de Espa\u00f1a.<\/p>\n<p style=\"text-align: justify;\">\u00abLo mismo pas\u00f3 con los argelinos con Francia, que perdieron la nacionalidad francesa y europea cuando se independizaron\u00bb, a\u00f1adi\u00f3.<\/p>\n<p style=\"text-align: justify;\">En sus declaraciones a periodistas antes de ofrecer una conferencia a puerta cerrada en Barcelona el ministro espa\u00f1ol tild\u00f3 de \u00abocurrencia\u00bb la idea de que los catalanes puedan mantener la nacionalidad espa\u00f1ola si Catalu\u00f1a se independizara.<\/p>\n<p style=\"text-align: justify;\">\u00abCuando uno se sale de un pa\u00eds abandona todos los atributos que le da la pertenencia a ese pa\u00eds. Decir esto -que podr\u00edan mantener la nacionalidad- es una ocurrencia que no se quien ha dicho\u00bb, subray\u00f3.<\/p>\n<\/div>\n","protected":false},"excerpt":{"rendered":"<p>\u00abCuando uno se sale de un pa\u00eds abandona todos los atributos que le da la pertenencia a ese pa\u00eds\u00bb, se\u00f1al\u00f3 el ministro espa\u00f1ol de Exteriores, Jos\u00e9 Manuel Garc\u00eda Margallo, en relaci\u00f3n a una posible declaraci\u00f3n de independencia de Catalu\u00f1a, Jos\u00e9 Manuel Garc\u00eda Margallo, ministro espa\u00f1ol de Exteriores y Cooperaci\u00f3n, afirm\u00f3 que los catalanes \u00aben absoluto\u00bb [&hellip;]<\/p>\n","protected":false},"author":1,"featured_media":5611,"comment_status":"open","ping_status":"open","sticky":false,"template":"","format":"standard","meta":{"rop_custom_images_group":[],"rop_custom_messages_group":[],"rop_publish_now":"initial","rop_publish_now_accounts":[],"rop_publish_now_history":[],"rop_publish_now_status":"pending","footnotes":""},"categories":[60],"tags":[],"class_list":["post-5610","post","type-post","status-publish","format-standard","has-post-thumbnail","hentry","category-sonnoticia"],"_links":{"self":[{"href":"https:\/\/notiissa.mx\/index.php?rest_route=\/wp\/v2\/posts\/5610","targetHints":{"allow":["GET"]}}],"collection":[{"href":"https:\/\/notiissa.mx\/index.php?rest_route=\/wp\/v2\/posts"}],"about":[{"href":"https:\/\/notiissa.mx\/index.php?rest_route=\/wp\/v2\/types\/post"}],"author":[{"embeddable":true,"href":"https:\/\/notiissa.mx\/index.php?rest_route=\/wp\/v2\/users\/1"}],"replies":[{"embeddable":true,"href":"https:\/\/notiissa.mx\/index.php?rest_route=%2Fwp%2Fv2%2Fcomments&post=5610"}],"version-history":[{"count":1,"href":"https:\/\/notiissa.mx\/index.php?rest_route=\/wp\/v2\/posts\/5610\/revisions"}],"predecessor-version":[{"id":5612,"href":"https:\/\/notiissa.mx\/index.php?rest_route=\/wp\/v2\/posts\/5610\/revisions\/5612"}],"wp:featuredmedia":[{"embeddable":true,"href":"https:\/\/notiissa.mx\/index.php?rest_route=\/wp\/v2\/media\/5611"}],"wp:attachment":[{"href":"https:\/\/notiissa.mx\/index.php?rest_route=%2Fwp%2Fv2%2Fmedia&parent=5610"}],"wp:term":[{"taxonomy":"category","embeddable":true,"href":"https:\/\/notiissa.mx\/index.php?rest_route=%2Fwp%2Fv2%2Fcategories&post=5610"},{"taxonomy":"post_tag","embeddable":true,"href":"https:\/\/notiissa.mx\/index.php?rest_route=%2Fwp%2Fv2%2Ftags&post=5610"}],"curies":[{"name":"wp","href":"https:\/\/api.w.org\/{rel}","templated":true}]}}