{"id":5585,"date":"2015-09-22T16:53:03","date_gmt":"2015-09-22T16:53:03","guid":{"rendered":"http:\/\/notiissa.mx\/?p=5585"},"modified":"2015-09-22T16:53:03","modified_gmt":"2015-09-22T16:53:03","slug":"el-flujo-migratorio-sin-control-podria-colapsar-el-sistema-europeolf","status":"publish","type":"post","link":"https:\/\/notiissa.mx\/?p=5585","title":{"rendered":"\u00abEl flujo migratorio sin control podr\u00eda colapsar el sistema europeo\u00bb:LF"},"content":{"rendered":"<div class=\"arcticle-summary\">\n<p style=\"text-align: justify;\">La crisis migratoria amenaza con socavar los cimientos de la Uni\u00f3n Europea, seg\u00fan afirma el ministro franc\u00e9s de Exteriores, Laurent Fabius, en una entrevista con el peri\u00f3dico belga &#8216;Le Soir&#8217;. La declaraci\u00f3n se produce antes de la reuni\u00f3n extraordinaria de los ministros del Interior de la UE prevista para este martes en Bruselas.<\/p>\n<\/div>\n<div class=\"arcticle-content\">\n<p style=\"text-align: justify;\">\u00abEuropa conoc\u00eda otras crisis, pero ahora est\u00e1n cuestionados hasta cierto punto los cimientos de la Uni\u00f3n Europea y su propio funcionamiento. El enfoque que se reduce al hecho de que cada uno ser\u00e1 capaz de salir de esta crisis recuperando el control en las fronteras es una ilusi\u00f3n\u00bb, afirma Laurent Fabius\u00a0en una entrevista concedida al peri\u00f3dico belga &#8216;Le Soir&#8217;, citada por <a href=\"http:\/\/tass.ru\/mezhdunarodnaya-panorama\/2280003\" target=\"_blank\">TASS<\/a>.<\/p>\n<p style=\"text-align: justify;\">\u00abEs hora de decir sinceramente que la UE no puede mantener la puerta abierta para la entrada de todos los inmigrantes econ\u00f3micos, adem\u00e1s de las medidas necesarias de solidaridad hacia los <a href=\"http:\/\/actualidad.rt.com\/actualidad\/185540-crisis-refugiados-tragedia-europa\" target=\"_blank\">refugiados<\/a>\u00ab, subraya.<\/p>\n<p style=\"text-align: justify;\">Si el flujo de inmigrantes se descontrola, esto conducir\u00eda \u00abal caos, al colapso del sistema europeo y a la radicalizaci\u00f3n de todos los procesos en la sociedad y en las mentes de la gente\u00bb, agreg\u00f3.<\/p>\n<p style=\"text-align: justify;\">Para resolver la crisis, Fabius considera necesario \u00abcrear centros de acogida e identificaci\u00f3n de los inmigrantes en los pa\u00edses de entrada en la UE, organizar un sistema equilibrado sobre su distribuci\u00f3n [en la UE], prestar ayuda a terceros Estados que est\u00e1n en la primera l\u00ednea de la crisis (Turqu\u00eda, Jordania, L\u00edbano), buscar activamente las medidas de regulaci\u00f3n pol\u00edtica y militar en Siria\u00bb.<\/p>\n<\/div>\n","protected":false},"excerpt":{"rendered":"<p>La crisis migratoria amenaza con socavar los cimientos de la Uni\u00f3n Europea, seg\u00fan afirma el ministro franc\u00e9s de Exteriores, Laurent Fabius, en una entrevista con el peri\u00f3dico belga &#8216;Le Soir&#8217;. La declaraci\u00f3n se produce antes de la reuni\u00f3n extraordinaria de los ministros del Interior de la UE prevista para este martes en Bruselas. \u00abEuropa conoc\u00eda [&hellip;]<\/p>\n","protected":false},"author":1,"featured_media":5586,"comment_status":"open","ping_status":"open","sticky":false,"template":"","format":"standard","meta":{"rop_custom_images_group":[],"rop_custom_messages_group":[],"rop_publish_now":"initial","rop_publish_now_accounts":[],"rop_publish_now_history":[],"rop_publish_now_status":"pending","footnotes":""},"categories":[60],"tags":[],"class_list":["post-5585","post","type-post","status-publish","format-standard","has-post-thumbnail","hentry","category-sonnoticia"],"_links":{"self":[{"href":"https:\/\/notiissa.mx\/index.php?rest_route=\/wp\/v2\/posts\/5585","targetHints":{"allow":["GET"]}}],"collection":[{"href":"https:\/\/notiissa.mx\/index.php?rest_route=\/wp\/v2\/posts"}],"about":[{"href":"https:\/\/notiissa.mx\/index.php?rest_route=\/wp\/v2\/types\/post"}],"author":[{"embeddable":true,"href":"https:\/\/notiissa.mx\/index.php?rest_route=\/wp\/v2\/users\/1"}],"replies":[{"embeddable":true,"href":"https:\/\/notiissa.mx\/index.php?rest_route=%2Fwp%2Fv2%2Fcomments&post=5585"}],"version-history":[{"count":1,"href":"https:\/\/notiissa.mx\/index.php?rest_route=\/wp\/v2\/posts\/5585\/revisions"}],"predecessor-version":[{"id":5587,"href":"https:\/\/notiissa.mx\/index.php?rest_route=\/wp\/v2\/posts\/5585\/revisions\/5587"}],"wp:featuredmedia":[{"embeddable":true,"href":"https:\/\/notiissa.mx\/index.php?rest_route=\/wp\/v2\/media\/5586"}],"wp:attachment":[{"href":"https:\/\/notiissa.mx\/index.php?rest_route=%2Fwp%2Fv2%2Fmedia&parent=5585"}],"wp:term":[{"taxonomy":"category","embeddable":true,"href":"https:\/\/notiissa.mx\/index.php?rest_route=%2Fwp%2Fv2%2Fcategories&post=5585"},{"taxonomy":"post_tag","embeddable":true,"href":"https:\/\/notiissa.mx\/index.php?rest_route=%2Fwp%2Fv2%2Ftags&post=5585"}],"curies":[{"name":"wp","href":"https:\/\/api.w.org\/{rel}","templated":true}]}}