{"id":5582,"date":"2015-09-22T16:47:42","date_gmt":"2015-09-22T16:47:42","guid":{"rendered":"http:\/\/notiissa.mx\/?p=5582"},"modified":"2015-09-22T16:47:42","modified_gmt":"2015-09-22T16:47:42","slug":"los-ministros-de-interior-de-la-ue-llegan-a-un-acuerdo-para-reubicar-120-000-refugiados","status":"publish","type":"post","link":"https:\/\/notiissa.mx\/?p=5582","title":{"rendered":"Los ministros de Interior de la UE llegan a un acuerdo para reubicar 120.000 refugiados"},"content":{"rendered":"<div class=\"arcticle-summary\">\n<p style=\"text-align: justify;\">Pese a la emisi\u00f3n de varios votos en contra, los ministros de Interior de los pa\u00edses miembros de la UE han llegado a un acuerdo sobre la reubicaci\u00f3n de los 120.000 refugiados.<\/p>\n<\/div>\n<div class=\"arcticle-content\">\n<p style=\"text-align: justify;\">Los 28 ministros de Interior de la UE se reunieron este martes para resolver los problemas m\u00e1s acuciantes asociados al flujo de los inmigrantes y refugiados. La cuesti\u00f3n clave del encuentro fue la necesidad de acordar una nueva distribuci\u00f3n entre los pa\u00edses de la UE de los 120.000 refugiados que en este momento buscan asilo en Europa.<\/p>\n<p style=\"text-align: justify;\">Se trata de personas llegadas a trav\u00e9s de Italia y de Grecia, seg\u00fan fuentes diplom\u00e1ticas, informa <a href=\"http:\/\/www.europapress.es\/internacional\/noticia-veintiocho-logran-acuerdo-mayoria-reubicar-120000-refugiados-20150922172237.html?utm_source=twitterfeed&amp;utm_medium=twitter\" target=\"_blank\">Europa Press<\/a>.<\/p>\n<p style=\"text-align: justify;\">Los ministros lograron consensuar un nuevo plan de reubicaci\u00f3n de estos refugiados, pese a los votos en contra de Hungr\u00eda, Rep\u00fablica Checa, Eslovaquia y Ruman\u00eda, y la abstenci\u00f3n de Finlandia.<\/p>\n<\/div>\n","protected":false},"excerpt":{"rendered":"<p>Pese a la emisi\u00f3n de varios votos en contra, los ministros de Interior de los pa\u00edses miembros de la UE han llegado a un acuerdo sobre la reubicaci\u00f3n de los 120.000 refugiados. Los 28 ministros de Interior de la UE se reunieron este martes para resolver los problemas m\u00e1s acuciantes asociados al flujo de los [&hellip;]<\/p>\n","protected":false},"author":1,"featured_media":5583,"comment_status":"open","ping_status":"open","sticky":false,"template":"","format":"standard","meta":{"rop_custom_images_group":[],"rop_custom_messages_group":[],"rop_publish_now":"initial","rop_publish_now_accounts":[],"rop_publish_now_history":[],"rop_publish_now_status":"pending","footnotes":""},"categories":[60],"tags":[],"class_list":["post-5582","post","type-post","status-publish","format-standard","has-post-thumbnail","hentry","category-sonnoticia"],"_links":{"self":[{"href":"https:\/\/notiissa.mx\/index.php?rest_route=\/wp\/v2\/posts\/5582","targetHints":{"allow":["GET"]}}],"collection":[{"href":"https:\/\/notiissa.mx\/index.php?rest_route=\/wp\/v2\/posts"}],"about":[{"href":"https:\/\/notiissa.mx\/index.php?rest_route=\/wp\/v2\/types\/post"}],"author":[{"embeddable":true,"href":"https:\/\/notiissa.mx\/index.php?rest_route=\/wp\/v2\/users\/1"}],"replies":[{"embeddable":true,"href":"https:\/\/notiissa.mx\/index.php?rest_route=%2Fwp%2Fv2%2Fcomments&post=5582"}],"version-history":[{"count":1,"href":"https:\/\/notiissa.mx\/index.php?rest_route=\/wp\/v2\/posts\/5582\/revisions"}],"predecessor-version":[{"id":5584,"href":"https:\/\/notiissa.mx\/index.php?rest_route=\/wp\/v2\/posts\/5582\/revisions\/5584"}],"wp:featuredmedia":[{"embeddable":true,"href":"https:\/\/notiissa.mx\/index.php?rest_route=\/wp\/v2\/media\/5583"}],"wp:attachment":[{"href":"https:\/\/notiissa.mx\/index.php?rest_route=%2Fwp%2Fv2%2Fmedia&parent=5582"}],"wp:term":[{"taxonomy":"category","embeddable":true,"href":"https:\/\/notiissa.mx\/index.php?rest_route=%2Fwp%2Fv2%2Fcategories&post=5582"},{"taxonomy":"post_tag","embeddable":true,"href":"https:\/\/notiissa.mx\/index.php?rest_route=%2Fwp%2Fv2%2Ftags&post=5582"}],"curies":[{"name":"wp","href":"https:\/\/api.w.org\/{rel}","templated":true}]}}