{"id":55288,"date":"2023-05-09T21:50:31","date_gmt":"2023-05-09T21:50:31","guid":{"rendered":"https:\/\/notiissa.mx\/?p=55288"},"modified":"2023-05-09T21:52:14","modified_gmt":"2023-05-09T21:52:14","slug":"putin-occidente-parece-haber-olvidado-quien-derroto","status":"publish","type":"post","link":"https:\/\/notiissa.mx\/?p=55288","title":{"rendered":"Putin: Occidente parece haber olvidado qui\u00e9n derrot\u00f3"},"content":{"rendered":"\n<h1 class=\"wp-block-heading\"><\/h1>\n\n\n\n<p>Al \u00abmonstruoso mal total\u00bb del nazismo.<\/p>\n\n\n\n<p>El presidente ruso declar\u00f3 que \u00ablas \u00e9lites occidentales globales siguen insistiendo en su exclusividad, enfrentan a las personas y dividen a la sociedad\u00bb.<\/p>\n\n\n\n<p>El presidente de Rusia, Vlad\u00edmir Putin,&nbsp;ha ofrecido este martes un discurso con motivo del 78.\u00ba aniversario de la victoria del pueblo sovi\u00e9tico sobre la Alemania nazi en la Gran Guerra Patria (1941-1945), como se conoce a la participaci\u00f3n de la URSS en la Segunda Guerra Mundial.<\/p>\n\n\n\n<p>Putin declar\u00f3 que \u00abhoy la civilizaci\u00f3n vuelve a encontrarse en <strong>un punto de inflexi\u00f3n crucial<\/strong>\u00ab.&nbsp;Denunci\u00f3 que se ha librado \u00abuna verdadera guerra\u00bb contra Rusia.<\/p>\n\n\n\n<p>Seg\u00fan el mandatario, \u00abcualquier ideolog\u00eda de superioridad es repugnante, criminal y mortal\u00bb, pero \u00ablas \u00e9lites occidentales globales siguen insistiendo en su exclusividad, enfrentan a las personas y dividen a la sociedad, <strong>provocan conflictos sangrientos<\/strong> y golpes de Estado, siembran el odio, la rusofobia y el nacionalismo agresivo\u00bb.&nbsp;En este contexto, se\u00f1al\u00f3 que Occidente parece haber olvidado qui\u00e9n derrot\u00f3 al \u00abmonstruoso mal total\u00bb del nazismo.<\/p>\n\n\n\n<p>Adem\u00e1s, Putin indic\u00f3 que Occidente destruye los valores tradicionales que \u00abhacen humano al hombre\u00bb para \u00ab<strong>seguir dictando, imponiendo su voluntad<\/strong>, sus derechos, sus reglas y, en esencia, un sistema de robo, violencia y opresi\u00f3n a las naciones\u00bb.<\/p>\n\n\n\n<p>Asimismo, el jefe de Estado destac\u00f3 que los l\u00edderes de los pa\u00edses de la CEI viajaron a Mosc\u00fa para asistir al desfile del D\u00eda de la Victoria, lo que calific\u00f3 como un gesto de <strong>\u00abaprecio por la haza\u00f1a\u00bb<\/strong> de los soldados sovi\u00e9ticos.<\/p>\n\n\n\n<p>Entre otras cosas, Putin resalt\u00f3 que Rusia est\u00e1 orgullosa de todos los militares que participan en la operaci\u00f3n militar especial en Ucrania y que el futuro del Estado ruso y la seguridad del pa\u00eds dependen de ellos. \u00ab<strong>No hay causa m\u00e1s importante<\/strong> ahora que su trabajo en el campo de batalla\u00bb, asever\u00f3.<\/p>\n\n\n\n<p>El mandatario afirm\u00f3 que el pueblo ucraniano \u00abse convirti\u00f3 en <strong>reh\u00e9n del golpe de Estado y del r\u00e9gimen criminal de sus amos occidentales<\/strong>, en moneda de cambio en la ejecuci\u00f3n de sus crueles y ego\u00edstas planes\u00bb.&nbsp;Mientras, los adversarios de Rusia pretenden destruirla, subray\u00f3 Putin. \u00abSu objetivo [\u2026] es lograr desintegrar y destruir nuestro pa\u00eds, revertir los resultados de la Segunda Guerra Mundial, romper definitivamente el sistema de seguridad global y el derecho internacional, estrangular cualquier centro soberano de desarrollo\u00bb, dijo.<\/p>\n\n\n\n<p>Mientras tanto, para Rusia no hay naciones \u00abhostiles\u00bb en Occidente ni en Oriente, y Mosc\u00fa quiere <strong>\u00abver un futuro pac\u00edfico, libre y estable\u00bb<\/strong>, declar\u00f3.<\/p>\n\n\n\n<ul class=\"wp-block-list\">\n<li>El D\u00eda de la Victoria, que se conmemora cada 9 de mayo, se celebra con tradicionales desfiles militares tanto en la Plaza Roja de Mosc\u00fa como en otras ciudades del pa\u00eds, as\u00ed como con marchas del Regimiento Inmortal, evento en el que los participantes salen a las calles portando retratos de sus familiares fallecidos durante la lucha contra el fascismo, que este a\u00f1o&nbsp;se realiza&nbsp;en formato virtual.&nbsp;<\/li>\n\n\n\n<li>Durante la tarde del 9 de mayo tendr\u00e1n lugar tambi\u00e9n espect\u00e1culos de fuegos artificiales en varias ciudades de Rusia.<\/li>\n\n\n\n<li>El gran desfile organizado este a\u00f1o en la capital rusa cuenta con la participaci\u00f3n&nbsp;de m\u00e1s de 8.000 militares y 125 piezas de armamento y equipos b\u00e9licos.<\/li>\n<\/ul>\n\n\n\n<p><\/p>\n\n\n\n<p><strong>RT<\/strong>.<\/p>\n","protected":false},"excerpt":{"rendered":"<p>Al \u00abmonstruoso mal total\u00bb del nazismo. El presidente ruso declar\u00f3 que \u00ablas \u00e9lites occidentales globales siguen insistiendo en su exclusividad, enfrentan a las personas y dividen a la sociedad\u00bb. El presidente de Rusia, Vlad\u00edmir Putin,&nbsp;ha ofrecido este martes un discurso con motivo del 78.\u00ba aniversario de la victoria del pueblo sovi\u00e9tico sobre la Alemania nazi [&hellip;]<\/p>\n","protected":false},"author":1,"featured_media":55292,"comment_status":"closed","ping_status":"open","sticky":false,"template":"","format":"standard","meta":{"rop_custom_images_group":[],"rop_custom_messages_group":[],"rop_publish_now":"initial","rop_publish_now_accounts":[],"rop_publish_now_history":[],"rop_publish_now_status":"pending","footnotes":""},"categories":[60],"tags":[23],"class_list":["post-55288","post","type-post","status-publish","format-standard","has-post-thumbnail","hentry","category-sonnoticia","tag-destacado"],"_links":{"self":[{"href":"https:\/\/notiissa.mx\/index.php?rest_route=\/wp\/v2\/posts\/55288","targetHints":{"allow":["GET"]}}],"collection":[{"href":"https:\/\/notiissa.mx\/index.php?rest_route=\/wp\/v2\/posts"}],"about":[{"href":"https:\/\/notiissa.mx\/index.php?rest_route=\/wp\/v2\/types\/post"}],"author":[{"embeddable":true,"href":"https:\/\/notiissa.mx\/index.php?rest_route=\/wp\/v2\/users\/1"}],"replies":[{"embeddable":true,"href":"https:\/\/notiissa.mx\/index.php?rest_route=%2Fwp%2Fv2%2Fcomments&post=55288"}],"version-history":[{"count":2,"href":"https:\/\/notiissa.mx\/index.php?rest_route=\/wp\/v2\/posts\/55288\/revisions"}],"predecessor-version":[{"id":55293,"href":"https:\/\/notiissa.mx\/index.php?rest_route=\/wp\/v2\/posts\/55288\/revisions\/55293"}],"wp:featuredmedia":[{"embeddable":true,"href":"https:\/\/notiissa.mx\/index.php?rest_route=\/wp\/v2\/media\/55292"}],"wp:attachment":[{"href":"https:\/\/notiissa.mx\/index.php?rest_route=%2Fwp%2Fv2%2Fmedia&parent=55288"}],"wp:term":[{"taxonomy":"category","embeddable":true,"href":"https:\/\/notiissa.mx\/index.php?rest_route=%2Fwp%2Fv2%2Fcategories&post=55288"},{"taxonomy":"post_tag","embeddable":true,"href":"https:\/\/notiissa.mx\/index.php?rest_route=%2Fwp%2Fv2%2Ftags&post=55288"}],"curies":[{"name":"wp","href":"https:\/\/api.w.org\/{rel}","templated":true}]}}