{"id":54993,"date":"2023-04-25T17:44:42","date_gmt":"2023-04-25T17:44:42","guid":{"rendered":"https:\/\/notiissa.mx\/?p=54993"},"modified":"2023-04-25T17:44:43","modified_gmt":"2023-04-25T17:44:43","slug":"anuncia-biden-oficialmente-sus-planes-de-reeleccion","status":"publish","type":"post","link":"https:\/\/notiissa.mx\/?p=54993","title":{"rendered":"Anuncia Biden oficialmente sus planes de reelecci\u00f3n"},"content":{"rendered":"\n<p>\u00abVamos a terminar este trabajo, porque s\u00e9 que podemos, porque esto son los Estados Unidos de Am\u00e9rica y no hay nada, sencillamente nada, que no podamos hacer si lo hacemos juntos\u00bb, concluy\u00f3 Biden.<\/p>\n\n\n\n<p>El presidente estadounidense, Joe Biden, anunci\u00f3 oficialmente este martes sus planes de presentarse a la reelecci\u00f3n el pr\u00f3ximo a\u00f1o, con Kamala Harris como su compa\u00f1era de f\u00f3rmula.<\/p>\n\n\n\n<p>\u00abCuando me postul\u00e9 a presidente hace cuatro a\u00f1os, dije que est\u00e1bamos en una batalla por el alma de EE.UU., y todav\u00eda seguimos en ella. La pregunta que enfrentamos es si en los pr\u00f3ximos a\u00f1os tendremos <strong>m\u00e1s libertad o menos libertad<\/strong>, m\u00e1s derechos o menos derechos\u00bb, declar\u00f3 Biden en su video de campa\u00f1a.<\/p>\n\n\n\n<p>\u00abS\u00e9 c\u00f3mo quiero que sea la respuesta, y creo que ustedes tambi\u00e9n. No es el momento de ser complacientes. Es por eso que me presento a la reelecci\u00f3n\u00bb, argument\u00f3 el mandatario.<\/p>\n\n\n\n<p>Al asegurar que conoce su pa\u00eds, Biden declar\u00f3 que son una naci\u00f3n donde no hay \u00abning\u00fan puerto seguro para el odio\u00bb, donde creen en la igualdad y&nbsp;piensan que \u00abcada uno debe tener una oportunidad justa para lograr el \u00e9xito\u00bb.<\/p>\n\n\n\n<p>\u00abCada generaci\u00f3n de estadounidenses ha afrontado un momento cuando tienen que <strong>defender la democracia<\/strong>\u00ab, continu\u00f3 el mandatario, haciendo hincapi\u00e9 en la importancia de defender la \u00ablibertad personal\u00bb, \u00abel derecho a votar\u00bb y los \u00abderechos civiles\u00bb. \u00abY <strong>este es nuestro momento<\/strong>\u00ab, agreg\u00f3.<\/p>\n\n\n\n<p>\u00ab<strong>Vamos a terminar este trabajo<\/strong>, porque s\u00e9 que podemos, porque esto son los Estados Unidos de Am\u00e9rica y no hay nada, sencillamente nada, que no podamos hacer si lo hacemos juntos\u00bb, concluy\u00f3 Biden.<\/p>\n\n\n\n<p>A sus 80 a\u00f1os, Biden es <strong>el l\u00edder de mayor edad<\/strong> en la historia del pa\u00eds norteamericano y en caso de completar un segundo mandato, lo har\u00eda con 86 a\u00f1os, lo que est\u00e1 causando preocupaciones sobre la prolongaci\u00f3n de su carrera presidencial.<\/p>\n\n\n\n<p>Fuentes de\u00a0Politico se\u00f1alan que la nueva campa\u00f1a electoral ser\u00eda dirigida por la actual asesora principal del jefe de Estado y directora de la Oficina de Asuntos Intergubernamentales de la Casa Blanca, Julie Ch\u00e1vez Rodr\u00edguez.<\/p>\n\n\n\n<h3 class=\"wp-block-heading\">Retraso del anuncio<\/h3>\n\n\n\n<p>Biden ha reiterado en numerosas ocasiones su intenci\u00f3n de postularse para la reelecci\u00f3n en 2024, pero en ning\u00fan momento lo anunci\u00f3 de manera oficial. Sin embargo, a mediados de abril,\u00a0el pol\u00edtico declar\u00f3 que <strong>la noticia llegar\u00eda \u00abrelativamente pronto\u00bb<\/strong>.<\/p>\n\n\n\n<p>\u00abPienso presentarme. Pero a\u00fan no estamos preparados para anunciarlo\u00bb, dijo Biden el 10 de abril durante las celebraciones en la Casa Blanca con motivo de la Pascua cat\u00f3lica.<\/p>\n\n\n\n<p>Al mismo tiempo, NBC inform\u00f3 este mes que los asesores de la Casa Blanca ya est\u00e1n inmersos en los preparativos para la campa\u00f1a de reelecci\u00f3n del presidente y que el retraso del anuncio se debe a varios factores, como <strong>la ausencia de un contrincante dem\u00f3crata<\/strong> importante o las acusaciones judiciales contra su posible rival republicano, Donald Trump, as\u00ed como una pr\u00f3xima batalla de la Administraci\u00f3n con el Congreso por el techo de gasto p\u00fablico.<\/p>\n\n\n\n<p>Trump, por su parte, al hablar sobre los posibles planes de Biden de volver a buscar la presidencia del pa\u00eds, afirm\u00f3 que \u00abno ve\u00eda c\u00f3mo esto ser\u00eda posible\u00bb.<\/p>\n\n\n\n<p>\u00abNo creo que pueda\u00bb,&nbsp;expres\u00f3&nbsp;el expresidente de EE.UU. al respecto.<\/p>\n\n\n\n<h3 class=\"wp-block-heading\"><strong>\u00cdndice de aprobaci\u00f3n de Biden<\/strong><\/h3>\n\n\n\n<p>Seg\u00fan los datos de una encuesta del blog estadounidense FiveThirtyEight\u00a0analizados por Politico, el actual mandatario tiene muy pocas posibilidades de ser reelegido en 2024, ya que su \u00edndice de aprobaci\u00f3n se sit\u00faa en <strong>un 43 %<\/strong>, mientras que la mayor\u00eda de los ciudadanos, el 52 %, desaprueba la gesti\u00f3n de Biden.<\/p>\n\n\n\n<p>Adem\u00e1s, el medio destac\u00f3 que la desaprobaci\u00f3n del presidente no solo&nbsp;proviene de los republicanos, sino que tambi\u00e9n se extiende&nbsp;entre los dem\u00f3cratas y otros grupos de izquierdas. As\u00ed, el mes pasado, una encuesta de CNN mostr\u00f3 que solo el 68 % de los dem\u00f3cratas consideraba que Biden merece ser reelegido&nbsp;en los pr\u00f3ximos comicios.<\/p>\n\n\n\n<p>Ahora, una nueva encuesta de NBC publicada el pasado fin de semana revel\u00f3 que el 70 % de los estadounidenses, incluidos el 51 % de los dem\u00f3cratas, creen que<strong> Biden no deber\u00eda presentarse<\/strong> nuevamente a las elecciones.<\/p>\n\n\n\n<p>RT<\/p>\n","protected":false},"excerpt":{"rendered":"<p>\u00abVamos a terminar este trabajo, porque s\u00e9 que podemos, porque esto son los Estados Unidos de Am\u00e9rica y no hay nada, sencillamente nada, que no podamos hacer si lo hacemos juntos\u00bb, concluy\u00f3 Biden. El presidente estadounidense, Joe Biden, anunci\u00f3 oficialmente este martes sus planes de presentarse a la reelecci\u00f3n el pr\u00f3ximo a\u00f1o, con Kamala Harris [&hellip;]<\/p>\n","protected":false},"author":1,"featured_media":54994,"comment_status":"closed","ping_status":"open","sticky":false,"template":"","format":"standard","meta":{"rop_custom_images_group":[],"rop_custom_messages_group":[],"rop_publish_now":"initial","rop_publish_now_accounts":[],"rop_publish_now_history":[],"rop_publish_now_status":"pending","footnotes":""},"categories":[60],"tags":[23],"class_list":["post-54993","post","type-post","status-publish","format-standard","has-post-thumbnail","hentry","category-sonnoticia","tag-destacado"],"_links":{"self":[{"href":"https:\/\/notiissa.mx\/index.php?rest_route=\/wp\/v2\/posts\/54993","targetHints":{"allow":["GET"]}}],"collection":[{"href":"https:\/\/notiissa.mx\/index.php?rest_route=\/wp\/v2\/posts"}],"about":[{"href":"https:\/\/notiissa.mx\/index.php?rest_route=\/wp\/v2\/types\/post"}],"author":[{"embeddable":true,"href":"https:\/\/notiissa.mx\/index.php?rest_route=\/wp\/v2\/users\/1"}],"replies":[{"embeddable":true,"href":"https:\/\/notiissa.mx\/index.php?rest_route=%2Fwp%2Fv2%2Fcomments&post=54993"}],"version-history":[{"count":1,"href":"https:\/\/notiissa.mx\/index.php?rest_route=\/wp\/v2\/posts\/54993\/revisions"}],"predecessor-version":[{"id":54995,"href":"https:\/\/notiissa.mx\/index.php?rest_route=\/wp\/v2\/posts\/54993\/revisions\/54995"}],"wp:featuredmedia":[{"embeddable":true,"href":"https:\/\/notiissa.mx\/index.php?rest_route=\/wp\/v2\/media\/54994"}],"wp:attachment":[{"href":"https:\/\/notiissa.mx\/index.php?rest_route=%2Fwp%2Fv2%2Fmedia&parent=54993"}],"wp:term":[{"taxonomy":"category","embeddable":true,"href":"https:\/\/notiissa.mx\/index.php?rest_route=%2Fwp%2Fv2%2Fcategories&post=54993"},{"taxonomy":"post_tag","embeddable":true,"href":"https:\/\/notiissa.mx\/index.php?rest_route=%2Fwp%2Fv2%2Ftags&post=54993"}],"curies":[{"name":"wp","href":"https:\/\/api.w.org\/{rel}","templated":true}]}}