{"id":54949,"date":"2023-04-23T20:23:18","date_gmt":"2023-04-23T20:23:18","guid":{"rendered":"https:\/\/notiissa.mx\/?p=54949"},"modified":"2023-04-23T20:23:20","modified_gmt":"2023-04-23T20:23:20","slug":"invita-dif-municipal-a-celebrar-el-dia-de-la-ninez","status":"publish","type":"post","link":"https:\/\/notiissa.mx\/?p=54949","title":{"rendered":"Invita DIF Municipal a celebrar el D\u00eda de la Ni\u00f1ez"},"content":{"rendered":"\n<p><\/p>\n\n\n\n<p><em>&#8211; El evento ser\u00e1 gratuito, desde las 3:00 pm hasta las 7:00pm<\/em>.<\/p>\n\n\n\n<p><strong>Ciudad de<\/strong> <strong><em>Chihuahua..-<\/em><\/strong> En el marco del D\u00eda de la Ni\u00f1ez, el DIF Municipal y en conjunto con Multimedios, invita a las ni\u00f1as y ni\u00f1os de Chihuahua Capital, as\u00ed como a sus familias, a festejar este d\u00eda en la \u201cParty Fiesta Loca\u201d.<\/p>\n\n\n\n<p>El evento tendr\u00e1 lugar en el parque El Reliz, el pr\u00f3ximo domingo 30 de abril, a partir de las 3:00 pm hasta las 7:00 pm.<\/p>\n\n\n\n<p>Dentro de las actividades que las familias podr\u00e1n disfrutar, se encuentran:<\/p>\n\n\n\n<p>\u00b7 Juegos de feria<\/p>\n\n\n\n<p>\u00b7 Shows infantiles<\/p>\n\n\n\n<p>\u00b7 M\u00fasica en vivo<\/p>\n\n\n\n<p>\u00b7 \u00c1rea de comida<\/p>\n\n\n\n<p>\u00b7 Lucha libre<\/p>\n\n\n\n<p>\u00b7 \u00c1reas l\u00fadicas<\/p>\n\n\n\n<p>\u00b7 Granja Interactiva<\/p>\n\n\n\n<p>Asimismo, podr\u00e1n participar en una rifa para ganarse diversos premios. Es importante mencionar que \u201cParty Fiesta Loca\u201d es un evento gratuito, sin embargo, se necesitar\u00e1 de un boleto para poder ingresar, as\u00ed como para participar en la rifa de premios.<\/p>\n\n\n\n<p>Los boletos para la rifa se otorgar\u00e1n en las oficinas del DIF Municipal, ubicadas en avenida Glandorf n\u00famero 4106 en la colonia San Felipe V Etapa, frente al Club de Leones del lunes 24 al viernes 28 de abril en un horario de 9:00 am a 3:00 pm.<\/p>\n\n\n\n<p>Cada d\u00eda se estar\u00e1 manejando un delimitado n\u00famero de boletos, por lo que se pide a la ciudadan\u00eda permanecer atenta.<\/p>\n\n\n\n<p><\/p>\n","protected":false},"excerpt":{"rendered":"<p>&#8211; El evento ser\u00e1 gratuito, desde las 3:00 pm hasta las 7:00pm. Ciudad de Chihuahua..- En el marco del D\u00eda de la Ni\u00f1ez, el DIF Municipal y en conjunto con Multimedios, invita a las ni\u00f1as y ni\u00f1os de Chihuahua Capital, as\u00ed como a sus familias, a festejar este d\u00eda en la \u201cParty Fiesta Loca\u201d. El [&hellip;]<\/p>\n","protected":false},"author":1,"featured_media":54950,"comment_status":"closed","ping_status":"open","sticky":false,"template":"","format":"standard","meta":{"rop_custom_images_group":[],"rop_custom_messages_group":[],"rop_publish_now":"initial","rop_publish_now_accounts":[],"rop_publish_now_history":[],"rop_publish_now_status":"pending","footnotes":""},"categories":[67],"tags":[],"class_list":["post-54949","post","type-post","status-publish","format-standard","has-post-thumbnail","hentry","category-ciudad"],"_links":{"self":[{"href":"https:\/\/notiissa.mx\/index.php?rest_route=\/wp\/v2\/posts\/54949","targetHints":{"allow":["GET"]}}],"collection":[{"href":"https:\/\/notiissa.mx\/index.php?rest_route=\/wp\/v2\/posts"}],"about":[{"href":"https:\/\/notiissa.mx\/index.php?rest_route=\/wp\/v2\/types\/post"}],"author":[{"embeddable":true,"href":"https:\/\/notiissa.mx\/index.php?rest_route=\/wp\/v2\/users\/1"}],"replies":[{"embeddable":true,"href":"https:\/\/notiissa.mx\/index.php?rest_route=%2Fwp%2Fv2%2Fcomments&post=54949"}],"version-history":[{"count":1,"href":"https:\/\/notiissa.mx\/index.php?rest_route=\/wp\/v2\/posts\/54949\/revisions"}],"predecessor-version":[{"id":54951,"href":"https:\/\/notiissa.mx\/index.php?rest_route=\/wp\/v2\/posts\/54949\/revisions\/54951"}],"wp:featuredmedia":[{"embeddable":true,"href":"https:\/\/notiissa.mx\/index.php?rest_route=\/wp\/v2\/media\/54950"}],"wp:attachment":[{"href":"https:\/\/notiissa.mx\/index.php?rest_route=%2Fwp%2Fv2%2Fmedia&parent=54949"}],"wp:term":[{"taxonomy":"category","embeddable":true,"href":"https:\/\/notiissa.mx\/index.php?rest_route=%2Fwp%2Fv2%2Fcategories&post=54949"},{"taxonomy":"post_tag","embeddable":true,"href":"https:\/\/notiissa.mx\/index.php?rest_route=%2Fwp%2Fv2%2Ftags&post=54949"}],"curies":[{"name":"wp","href":"https:\/\/api.w.org\/{rel}","templated":true}]}}