{"id":54910,"date":"2023-04-21T21:01:16","date_gmt":"2023-04-21T21:01:16","guid":{"rendered":"https:\/\/notiissa.mx\/?p=54910"},"modified":"2023-04-21T21:01:20","modified_gmt":"2023-04-21T21:01:20","slug":"clausuran-actividades-por-el-dia-de-la-tierra-con-platica-para-proteccion-de-la-abeja","status":"publish","type":"post","link":"https:\/\/notiissa.mx\/?p=54910","title":{"rendered":"Clausuran Actividades por el D\u00eda de la Tierra con pl\u00e1tica para protecci\u00f3n de la abeja"},"content":{"rendered":"\n<p><\/p>\n\n\n\n<p>Ciudad de Chihuahua.- Con la conferencia \u201cHablemos de las Abejas: las Expertas del Ecosistema\u201d disertada por Kailani Idhaly Dom\u00ednguez Bautista, la regidora Graciela Rojas Carrillo clausur\u00f3 las actividades de la semana con motivo del D\u00eda de la Tierra, teniendo como resultado una excelente respuesta de parte de los servidores p\u00fablicos y de la comunidad en general.<\/p>\n\n\n\n<p>\u201cLa Semana de Actividades nos ha dejado grandes aprendizajes y muchas satisfacciones, pero tambi\u00e9n muchas reflexiones y la responsabilidad que tenemos todos y cada uno de nosotros como ciudadanos para detener el calentamiento globa\u201d expres\u00f3 Chelita Rojas.<\/p>\n\n\n\n<p>Agradeci\u00f3 a Kailany por enriquecer y formar parte de la Semana de la Tierra, al aportar informaci\u00f3n sobre el cuidado de las abejas y la importancia de estos insectos para la preservaci\u00f3n de nuestro planeta.<\/p>\n\n\n\n<p>A trav\u00e9s de esta pl\u00e1tica se procur\u00f3 concientizar a las personas sobre la situaci\u00f3n en la que se encuentra nuestro medio ambiente y qu\u00e9 tenemos qu\u00e9 hacer para rescatarlo.<\/p>\n\n\n\n<p>Nuestro planeta, es nuestro hogar por lo cual tenemos la obligaci\u00f3n de preservarlo y cuidarlo, insisti\u00f3 la Regidora que preside la Comisi\u00f3n de Ecolog\u00eda.<\/p>\n\n\n\n<p>La conferencia trat\u00f3 de la importancia de las abejas en el ecosistema por ser una de las principales polinizadoras que generan la producci\u00f3n de plantas manteniendo el equilibrio natural en la tierra.<\/p>\n\n\n\n<p>La contaminaci\u00f3n ambiental, el aumento de las especies invasoras, el cambio clim\u00e1tico, que las desorienta, el uso de t\u00f3xicos como plaguicidas o insecticidas utilizados en la agricultura industrializada o el deterioro de su h\u00e1bitat por incendios son algunas de las causas que han provocado la desaparici\u00f3n paulatina de estos insectos y el peligro de su extinci\u00f3n.<\/p>\n\n\n\n<p>Por ello hizo un llamado Urgente a poner manos a la obra para conservarlas, cuidarlas y proteger su h\u00e1bitat ya que, si esta especie desapareciera, nos encontrar\u00edamos en serios problemas.<\/p>\n\n\n\n<p>\u201cEl D\u00eda de la Tierra deber\u00eda animarnos a reflexionar sobre lo que estamos haciendo para hacer de nuestro planeta un lugar m\u00e1s sostenible y habitable\u201d, finaliz\u00f3.<\/p>\n","protected":false},"excerpt":{"rendered":"<p>Ciudad de Chihuahua.- Con la conferencia \u201cHablemos de las Abejas: las Expertas del Ecosistema\u201d disertada por Kailani Idhaly Dom\u00ednguez Bautista, la regidora Graciela Rojas Carrillo clausur\u00f3 las actividades de la semana con motivo del D\u00eda de la Tierra, teniendo como resultado una excelente respuesta de parte de los servidores p\u00fablicos y de la comunidad en [&hellip;]<\/p>\n","protected":false},"author":1,"featured_media":54911,"comment_status":"closed","ping_status":"open","sticky":false,"template":"","format":"standard","meta":{"rop_custom_images_group":[],"rop_custom_messages_group":[],"rop_publish_now":"initial","rop_publish_now_accounts":[],"rop_publish_now_history":[],"rop_publish_now_status":"pending","footnotes":""},"categories":[67],"tags":[23],"class_list":["post-54910","post","type-post","status-publish","format-standard","has-post-thumbnail","hentry","category-ciudad","tag-destacado"],"_links":{"self":[{"href":"https:\/\/notiissa.mx\/index.php?rest_route=\/wp\/v2\/posts\/54910","targetHints":{"allow":["GET"]}}],"collection":[{"href":"https:\/\/notiissa.mx\/index.php?rest_route=\/wp\/v2\/posts"}],"about":[{"href":"https:\/\/notiissa.mx\/index.php?rest_route=\/wp\/v2\/types\/post"}],"author":[{"embeddable":true,"href":"https:\/\/notiissa.mx\/index.php?rest_route=\/wp\/v2\/users\/1"}],"replies":[{"embeddable":true,"href":"https:\/\/notiissa.mx\/index.php?rest_route=%2Fwp%2Fv2%2Fcomments&post=54910"}],"version-history":[{"count":1,"href":"https:\/\/notiissa.mx\/index.php?rest_route=\/wp\/v2\/posts\/54910\/revisions"}],"predecessor-version":[{"id":54912,"href":"https:\/\/notiissa.mx\/index.php?rest_route=\/wp\/v2\/posts\/54910\/revisions\/54912"}],"wp:featuredmedia":[{"embeddable":true,"href":"https:\/\/notiissa.mx\/index.php?rest_route=\/wp\/v2\/media\/54911"}],"wp:attachment":[{"href":"https:\/\/notiissa.mx\/index.php?rest_route=%2Fwp%2Fv2%2Fmedia&parent=54910"}],"wp:term":[{"taxonomy":"category","embeddable":true,"href":"https:\/\/notiissa.mx\/index.php?rest_route=%2Fwp%2Fv2%2Fcategories&post=54910"},{"taxonomy":"post_tag","embeddable":true,"href":"https:\/\/notiissa.mx\/index.php?rest_route=%2Fwp%2Fv2%2Ftags&post=54910"}],"curies":[{"name":"wp","href":"https:\/\/api.w.org\/{rel}","templated":true}]}}