{"id":54880,"date":"2023-04-20T19:41:57","date_gmt":"2023-04-20T19:41:57","guid":{"rendered":"https:\/\/notiissa.mx\/?p=54880"},"modified":"2023-04-20T19:41:58","modified_gmt":"2023-04-20T19:41:58","slug":"imparten-taller-de-sensibilizacion-ponte-en-mis-zapatos","status":"publish","type":"post","link":"https:\/\/notiissa.mx\/?p=54880","title":{"rendered":"Imparten taller de sensibilizaci\u00f3n \u201cPonte en mis Zapatos\u201d"},"content":{"rendered":"\n<p><strong>A personal de la Secretar\u00eda de Turismo<\/strong>.<\/p>\n\n\n\n<p>Chihuahua.- La Direcci\u00f3n de Grupos Vulnerables y Prevenci\u00f3n a la Discriminaci\u00f3n, imparti\u00f3 el taller de sensibilizaci\u00f3n \u201cPonte en mis zapatos\u201d a personal de la Secretar\u00eda de Turismo, a fin de promover la cultura de la inclusi\u00f3n dentro del Gobierno del Estado.<\/p>\n\n\n\n<p>Carla Rivas, titular de la dependencia estatal, destac\u00f3 que la capitaci\u00f3n permite generar conciencia entre los servidores p\u00fablicos, para conozcan los retos a los que se enfrentan las personas con discapacidad y les apoyen con adecuaciones en sus instalaciones y al momento de prestar un servicio.<\/p>\n\n\n\n<p>La funcionaria coment\u00f3 que el taller servir\u00e1 para que se puedan hacer las adecuaciones en los edificios gubernamentales, para que cuenten con accesos f\u00e1ciles para quienes utilizan silla de ruedas o bast\u00f3n desplazarse.&nbsp;<\/p>\n\n\n\n<p>Indic\u00f3 que el taller \u201cPonte en mis zapatos\u201d consta de tres m\u00f3dulos. En el primero se identifican las barreras que pueden encontrarse en el espacio laboral; el segundo es una actividad vivencial en la que los participantes viven una discapacidad motriz o visual; y el tercero consiste en diversos ejercicios y duraci\u00f3n de acuerdo al evento.<\/p>\n\n\n\n<p>Durante el ejercicio de sensibilizaci\u00f3n en el que particip\u00f3 personal de diversas \u00e1reas de la Secretar\u00eda de Turismo, los asistentes se desplazaron en sillas de ruedas y bast\u00f3n gu\u00eda para invidentes por diversos puntos, para constatar la importancia de que los inmuebles cuenten espacios accesibles para quienes tienen alguna limitaci\u00f3n visual o motriz.<\/p>\n\n\n\n<p>Finalmente, la titular de la SDHyBC inform\u00f3 que la capacitaci\u00f3n estuvo encabezada por la subsecretar\u00eda de Grupos Vulnerables y Cohesi\u00f3n Social, Nancy Fr\u00edas Fr\u00edas; y la directora de Grupos Vulnerables y Prevenci\u00f3n a la Discriminaci\u00f3n, Raquel Jim\u00e9nez Rodr\u00edguez.<\/p>\n","protected":false},"excerpt":{"rendered":"<p>A personal de la Secretar\u00eda de Turismo. Chihuahua.- La Direcci\u00f3n de Grupos Vulnerables y Prevenci\u00f3n a la Discriminaci\u00f3n, imparti\u00f3 el taller de sensibilizaci\u00f3n \u201cPonte en mis zapatos\u201d a personal de la Secretar\u00eda de Turismo, a fin de promover la cultura de la inclusi\u00f3n dentro del Gobierno del Estado. Carla Rivas, titular de la dependencia estatal, [&hellip;]<\/p>\n","protected":false},"author":1,"featured_media":54881,"comment_status":"closed","ping_status":"open","sticky":false,"template":"","format":"standard","meta":{"rop_custom_images_group":[],"rop_custom_messages_group":[],"rop_publish_now":"initial","rop_publish_now_accounts":[],"rop_publish_now_history":[],"rop_publish_now_status":"pending","footnotes":""},"categories":[67,72],"tags":[23],"class_list":["post-54880","post","type-post","status-publish","format-standard","has-post-thumbnail","hentry","category-ciudad","category-estado","tag-destacado"],"_links":{"self":[{"href":"https:\/\/notiissa.mx\/index.php?rest_route=\/wp\/v2\/posts\/54880","targetHints":{"allow":["GET"]}}],"collection":[{"href":"https:\/\/notiissa.mx\/index.php?rest_route=\/wp\/v2\/posts"}],"about":[{"href":"https:\/\/notiissa.mx\/index.php?rest_route=\/wp\/v2\/types\/post"}],"author":[{"embeddable":true,"href":"https:\/\/notiissa.mx\/index.php?rest_route=\/wp\/v2\/users\/1"}],"replies":[{"embeddable":true,"href":"https:\/\/notiissa.mx\/index.php?rest_route=%2Fwp%2Fv2%2Fcomments&post=54880"}],"version-history":[{"count":1,"href":"https:\/\/notiissa.mx\/index.php?rest_route=\/wp\/v2\/posts\/54880\/revisions"}],"predecessor-version":[{"id":54882,"href":"https:\/\/notiissa.mx\/index.php?rest_route=\/wp\/v2\/posts\/54880\/revisions\/54882"}],"wp:featuredmedia":[{"embeddable":true,"href":"https:\/\/notiissa.mx\/index.php?rest_route=\/wp\/v2\/media\/54881"}],"wp:attachment":[{"href":"https:\/\/notiissa.mx\/index.php?rest_route=%2Fwp%2Fv2%2Fmedia&parent=54880"}],"wp:term":[{"taxonomy":"category","embeddable":true,"href":"https:\/\/notiissa.mx\/index.php?rest_route=%2Fwp%2Fv2%2Fcategories&post=54880"},{"taxonomy":"post_tag","embeddable":true,"href":"https:\/\/notiissa.mx\/index.php?rest_route=%2Fwp%2Fv2%2Ftags&post=54880"}],"curies":[{"name":"wp","href":"https:\/\/api.w.org\/{rel}","templated":true}]}}