{"id":54667,"date":"2023-04-11T22:33:11","date_gmt":"2023-04-11T22:33:11","guid":{"rendered":"https:\/\/notiissa.mx\/?p=54667"},"modified":"2023-04-11T22:37:12","modified_gmt":"2023-04-11T22:37:12","slug":"amlo-lanza-ofensiva-mediatica-en-las-mananeras-para-informar-sobre-drogas","status":"publish","type":"post","link":"https:\/\/notiissa.mx\/?p=54667","title":{"rendered":"AMLO lanza ofensiva medi\u00e1tica en las ma\u00f1aneras para informar sobre drogas"},"content":{"rendered":"\n<p>RT<\/p>\n\n\n\n<p>\u00abQue el pueblo sepa sobre la producci\u00f3n de las drogas, el da\u00f1o que ocasionan, qu\u00e9 se est\u00e1 haciendo, qu\u00e9 tenemos todos que evitar\u00bb, dijo el mandatario sobre el nuevo espacio en sus ruedas de prensa.<\/p>\n\n\n\n<p>El presidente de M\u00e9xico, Andr\u00e9s Manuel L\u00f3pez Obrador, inaugur\u00f3 este martes en su conferencia de prensa matutina, conocidas como las \u00abma\u00f1aneras\u00bb, una nueva secci\u00f3n para \u00abinformar sobre las drogas\u00bb.<\/p>\n\n\n\n<p>\u00abVamos a iniciar este d\u00eda con una secci\u00f3n especial para informar sobre las drogas, para que tengamos todos los elementos, que el pueblo sepa sobre la producci\u00f3n de las drogas, el da\u00f1o que ocasionan, qu\u00e9 se est\u00e1 haciendo, qu\u00e9 tenemos todos que evitar, por qu\u00e9 <strong>no debemos de permitir que se convierta en una pandemia<\/strong> y hablar sobre el tema, estar constantemente trat\u00e1ndolo\u00bb, dijo el mandatario.<\/p>\n\n\n\n<p>La secci\u00f3n, que ser\u00e1 abordada semanalmente por el subsecretario de Prevenci\u00f3n y Promoci\u00f3n de la Salud, Hugo L\u00f3pez-Gatell, fue denominada \u00abPrevenci\u00f3n social de las adicciones\u00bb, seg\u00fan dijo el secretario de Salud, Jorge Alcocer Varela.<\/p>\n\n\n\n<p>L\u00f3pez Obrador indic\u00f3 que atender\u00e1n el tema de las drogas \u00ab<strong>con un enfoque preventivo\u00bb<\/strong>, con el objetivo de \u00abevitar que se extienda el problema de la drogadicci\u00f3n, sobre todo el uso de drogas qu\u00edmicas como el fentanilo, que tantos muertos lamentablemente ocasiona\u00bb.<\/p>\n\n\n\n<p>El mandatario, que calific\u00f3 como \u00abuna pandemia\u00bb lo que est\u00e1 ocasionado la crisis del fentanilo, a\u00f1adi\u00f3 que el tratamiento del tema en las ma\u00f1aneras estar\u00e1 acompa\u00f1ado de campa\u00f1as en las escuelas y en los medios de comunicaci\u00f3n.<\/p>\n\n\n\n<h3 class=\"wp-block-heading\">\u00abMucha desigualdad\u00bb<\/h3>\n\n\n\n<p>L\u00f3pez-Gatell reiter\u00f3 que este nuevo espacio en las ma\u00f1aneras \u00abtiene prop\u00f3sitos de informaci\u00f3n, as\u00ed como de comunicaci\u00f3n de los riesgos que est\u00e1n relacionados con el uso de sustancias, el uso de drogas o el abuso de drogas, o la adicci\u00f3n a las drogas\u00bb.<\/p>\n\n\n\n<p>El funcionario&nbsp;agreg\u00f3 que se trata de \u00abun proceso muy complejo\u00bb en el que est\u00e1n presentes factores sociales, una fuerte presi\u00f3n de la industria del narcotr\u00e1fico y todo ello est\u00e1 asociado tambi\u00e9n con problemas de violencia, de grave distorsi\u00f3n de las relaciones familiares.<\/p>\n\n\n\n<p>Para L\u00f3pez-Gatell,&nbsp;es importante considerar que los&nbsp;problemas de adicci\u00f3n \u00ab<strong>tienen que ver con la p\u00e9rdida de oportunidades<\/strong>, la p\u00e9rdida de espacios de integraci\u00f3n social, sobre todo de la juventud\u00bb.<\/p>\n\n\n\n<p>Asimismo, coment\u00f3 que, adem\u00e1s, ello es <strong>consecuencia \u00abde un modelo econ\u00f3mico<\/strong> que ha llevado a mucha desigualdad\u00bb a lo largo de los \u00faltimos 40 a\u00f1os.<\/p>\n\n\n\n<h3 class=\"wp-block-heading\">Crisis de fentanilo<\/h3>\n\n\n\n<p>En la inauguraci\u00f3n de esta secci\u00f3n, L\u00f3pez-Gatell abord\u00f3 justamente el tema del fentanilo, al que consider\u00f3 como \u00abuna de las drogas m\u00e1s peligrosas\u00bb, por su enorme potencial de adicci\u00f3n.<\/p>\n\n\n\n<p>\u00ab<strong>Inmediatamente es adictiva, a\u00fan en dosis peque\u00f1as<\/strong>; y, adem\u00e1s, tiene efectos muy graves sobre la salud, con una gran capacidad de causar sobredosis y muerte\u00bb, enfatiz\u00f3.<\/p>\n\n\n\n<p>El funcionario record\u00f3 que el fentanilo fue dise\u00f1ado originalmente como medicamento para el manejo de dolor intenso, como el caso de cirug\u00edas o una enfermedad avanzada. Qu\u00edmicamente, dijo, es una sustancia que se asemeja a la morfina.<\/p>\n\n\n\n<p>\u00abSe ha estimado que (el fentanilo) es hasta 100 veces m\u00e1s efectiva para reducir el dolor comparada con la morfina o 50 veces m\u00e1s que la hero\u00edna. Pero junto con esa efectividad de reducir el dolor est\u00e1 el potencial de ser adictiva\u00bb, detall\u00f3.<\/p>\n\n\n\n<p>En cuanto a consumo en el pa\u00eds, dijo que las cifras demuestran que <strong>a\u00fan \u00abno se compara con el enorme problema de salud p\u00fablica que tiene EE.UU.<\/strong> en este abuso de fentanilo\u00bb.<\/p>\n\n\n\n<p>Por ejemplo, en 2021 murieron 80.411 personas por consumo de opioides \u2014incluyendo el fentanilo\u2014 en EE.UU., mientras que en M\u00e9xico solo fueron 19.<\/p>\n\n\n\n<p>Sobre su producci\u00f3n, recalc\u00f3 que el fentanilo no se fabrica&nbsp;en&nbsp;M\u00e9xico, sino que la sustancia \u00abse produce a partir de precursores\u00bb que se elaboran en otros lugares, incluido EE.UU. La sustancia, adem\u00e1s,&nbsp;tiene m\u00faltiples presentaciones y recibe diferentes nombres, como <strong>\u00abhero\u00edna blanca, hero\u00edna sint\u00e9tica, chiva blanca, el fenta, M30\u00bb<\/strong>, entre otros.<\/p>\n\n\n\n<p>En esa l\u00ednea, L\u00f3pez-Gatell asever\u00f3 que la problem\u00e1tica alrededor del fentanilo es \u00abimportada\u00bb, ya que hay rutas desde EE.UU. hacia M\u00e9xico. No obstante, el objetivo de la administraci\u00f3n de L\u00f3pez Obrador es que no se replique en&nbsp;su pa\u00eds lo que ocurre en la naci\u00f3n&nbsp;vecina.<\/p>\n\n\n\n<p>Por \u00faltimo, adelant\u00f3 que en las siguientes semanas hablar\u00e1n en esa nueva secci\u00f3n de las ma\u00f1aneras de otras drogas \u00abque son de mayor frecuencia de su uso en M\u00e9xico\u00bb, como las metanfetaminas, el cristal, cannabis, benzodiacepinas e, incluso, el alcohol.<\/p>\n\n\n\n<p>RT<\/p>\n","protected":false},"excerpt":{"rendered":"<p>RT \u00abQue el pueblo sepa sobre la producci\u00f3n de las drogas, el da\u00f1o que ocasionan, qu\u00e9 se est\u00e1 haciendo, qu\u00e9 tenemos todos que evitar\u00bb, dijo el mandatario sobre el nuevo espacio en sus ruedas de prensa. El presidente de M\u00e9xico, Andr\u00e9s Manuel L\u00f3pez Obrador, inaugur\u00f3 este martes en su conferencia de prensa matutina, conocidas como [&hellip;]<\/p>\n","protected":false},"author":1,"featured_media":54670,"comment_status":"closed","ping_status":"open","sticky":false,"template":"","format":"standard","meta":{"rop_custom_images_group":[],"rop_custom_messages_group":[],"rop_publish_now":"initial","rop_publish_now_accounts":[],"rop_publish_now_history":[],"rop_publish_now_status":"pending","footnotes":""},"categories":[77,60],"tags":[23],"class_list":["post-54667","post","type-post","status-publish","format-standard","has-post-thumbnail","hentry","category-ni-lectoris","category-sonnoticia","tag-destacado"],"_links":{"self":[{"href":"https:\/\/notiissa.mx\/index.php?rest_route=\/wp\/v2\/posts\/54667","targetHints":{"allow":["GET"]}}],"collection":[{"href":"https:\/\/notiissa.mx\/index.php?rest_route=\/wp\/v2\/posts"}],"about":[{"href":"https:\/\/notiissa.mx\/index.php?rest_route=\/wp\/v2\/types\/post"}],"author":[{"embeddable":true,"href":"https:\/\/notiissa.mx\/index.php?rest_route=\/wp\/v2\/users\/1"}],"replies":[{"embeddable":true,"href":"https:\/\/notiissa.mx\/index.php?rest_route=%2Fwp%2Fv2%2Fcomments&post=54667"}],"version-history":[{"count":1,"href":"https:\/\/notiissa.mx\/index.php?rest_route=\/wp\/v2\/posts\/54667\/revisions"}],"predecessor-version":[{"id":54669,"href":"https:\/\/notiissa.mx\/index.php?rest_route=\/wp\/v2\/posts\/54667\/revisions\/54669"}],"wp:featuredmedia":[{"embeddable":true,"href":"https:\/\/notiissa.mx\/index.php?rest_route=\/wp\/v2\/media\/54670"}],"wp:attachment":[{"href":"https:\/\/notiissa.mx\/index.php?rest_route=%2Fwp%2Fv2%2Fmedia&parent=54667"}],"wp:term":[{"taxonomy":"category","embeddable":true,"href":"https:\/\/notiissa.mx\/index.php?rest_route=%2Fwp%2Fv2%2Fcategories&post=54667"},{"taxonomy":"post_tag","embeddable":true,"href":"https:\/\/notiissa.mx\/index.php?rest_route=%2Fwp%2Fv2%2Ftags&post=54667"}],"curies":[{"name":"wp","href":"https:\/\/api.w.org\/{rel}","templated":true}]}}