{"id":54199,"date":"2023-03-17T23:27:15","date_gmt":"2023-03-17T23:27:15","guid":{"rendered":"https:\/\/notiissa.mx\/?p=54199"},"modified":"2023-03-17T23:27:17","modified_gmt":"2023-03-17T23:27:17","slug":"inauguran-bazar-de-consumo-responsable-se-busca-concientizar-contra-el-consumismo","status":"publish","type":"post","link":"https:\/\/notiissa.mx\/?p=54199","title":{"rendered":"Inauguran Bazar de Consumo Responsable se busca concientizar contra el consumismo"},"content":{"rendered":"\n<p><\/p>\n\n\n\n<p>Ciudad de Chihuahua.- Con motivo de la conmemoraci\u00f3n del d\u00eda Mundial del Consumo Responsable celebrado el 15 de marzo la regidora que preside la Comisi\u00f3n de Ecolog\u00eda Chelita Rojas inaugur\u00f3 el Bazar Municipal de Consumo Responsable en el centro de la ciudad en donde se ofrecen art\u00edculos biodegradables.<\/p>\n\n\n\n<p>El objetivo de la actividad es concientizar a la poblaci\u00f3n de la importancia de dejar el consumismo debido a que el alto uso de art\u00edculos provoca m\u00e1s contaminaci\u00f3n para el medio ambiente y de elegir productos a los que se pueda dar una segunda vida a fin de reducir los residuos.<\/p>\n\n\n\n<p>Acompa\u00f1aron a la Regidora la titular de la Direcci\u00f3n de Desarrollo Urbano y Ecolog\u00eda, Arq. Adriana D\u00edaz Negrete y el Subsecretario jur\u00eddico del Municipio, Lic. Pedro Dom\u00ednguez quien acudi\u00f3 en representaci\u00f3n del alcalde de Chihuahua Lic. Marco Bonilla.<\/p>\n\n\n\n<p>\u201cEl acelerado ritmo de la vida que nos lleva a tomar decisiones que prioricen la practicidad sobre la sustentabilidad hace necesario que cambiemos nuestro consumo\u201d, dijo la Regidora Rojas, quien agreg\u00f3 que el consumismo es la adquisici\u00f3n de bienes m\u00e1s all\u00e1 de las necesidades esenciales de las personas.<\/p>\n\n\n\n<p>El consumismo es uno de los principales motores sobre la explotaci\u00f3n de recursos naturales y la generaci\u00f3n de residuos porque s\u00f3lo se utilizan las cosas una, o pocas veces y despu\u00e9s se desechan por lo que recomend\u00f3 que se haga una transici\u00f3n hacia una econom\u00eda circular que implique la reducci\u00f3n de residuos que genera cada persona.<\/p>\n\n\n\n<p>Como ejemplo coment\u00f3 que es necesario reducir m\u00e1s&nbsp;productos y eliminar los empaques en que est\u00e1n envueltos porque el consumismo&nbsp;ocasiona mayor volumen de desechos que van a parar al relleno sanitario tal como lo expres\u00f3 la directora de DDUE, Arq. Adriana D\u00edaz Negrete.<\/p>\n\n\n\n<p>Refiri\u00f3 que \u201cel consumo responsable es una actitud y una forma de vivir, la tarea de cuidar nuestro ambiente es de todos e implica dos cuestiones: consumir menos y aquello que consumamos sea lo m\u00e1s sostenible posible\u201d.<\/p>\n\n\n\n<p>Inform\u00f3 que a diario se depositan 980 toneladas de basura diarias en el Relleno Sanitario a donde va a parar basura entre ella productos como pl\u00e1sticos que duran decenas de a\u00f1os en degradarse.<\/p>\n\n\n\n<p>El Bazar est\u00e1 ubicado a un costado de la Plaza de Armas sobre la calle Victoria e Independencia en donde est\u00e1n instaladas 20 peque\u00f1as empresas que ofertan productos ecol\u00f3gicos como; Pa\u00f1ales de tela; productos de higiene \u00edntima, detergentes, t\u00e9 a granel, ropa, cera ecol\u00f3gica, composta y otros.<\/p>\n\n\n\n<p>Acompa\u00f1aron tambi\u00e9n las y los Regidores del Ayuntamiento: Raquel Bravo Osuna, Patricia Ulate Bernal, Diana Acosta, Juan Pablo Campos, Lupita Borruel Baquera, Ernesto Ibarra Sarmiento.<\/p>\n","protected":false},"excerpt":{"rendered":"<p>Ciudad de Chihuahua.- Con motivo de la conmemoraci\u00f3n del d\u00eda Mundial del Consumo Responsable celebrado el 15 de marzo la regidora que preside la Comisi\u00f3n de Ecolog\u00eda Chelita Rojas inaugur\u00f3 el Bazar Municipal de Consumo Responsable en el centro de la ciudad en donde se ofrecen art\u00edculos biodegradables. El objetivo de la actividad es concientizar [&hellip;]<\/p>\n","protected":false},"author":1,"featured_media":54200,"comment_status":"closed","ping_status":"open","sticky":false,"template":"","format":"standard","meta":{"rop_custom_images_group":[],"rop_custom_messages_group":[],"rop_publish_now":"initial","rop_publish_now_accounts":[],"rop_publish_now_history":[],"rop_publish_now_status":"pending","footnotes":""},"categories":[67],"tags":[],"class_list":["post-54199","post","type-post","status-publish","format-standard","has-post-thumbnail","hentry","category-ciudad"],"_links":{"self":[{"href":"https:\/\/notiissa.mx\/index.php?rest_route=\/wp\/v2\/posts\/54199","targetHints":{"allow":["GET"]}}],"collection":[{"href":"https:\/\/notiissa.mx\/index.php?rest_route=\/wp\/v2\/posts"}],"about":[{"href":"https:\/\/notiissa.mx\/index.php?rest_route=\/wp\/v2\/types\/post"}],"author":[{"embeddable":true,"href":"https:\/\/notiissa.mx\/index.php?rest_route=\/wp\/v2\/users\/1"}],"replies":[{"embeddable":true,"href":"https:\/\/notiissa.mx\/index.php?rest_route=%2Fwp%2Fv2%2Fcomments&post=54199"}],"version-history":[{"count":1,"href":"https:\/\/notiissa.mx\/index.php?rest_route=\/wp\/v2\/posts\/54199\/revisions"}],"predecessor-version":[{"id":54201,"href":"https:\/\/notiissa.mx\/index.php?rest_route=\/wp\/v2\/posts\/54199\/revisions\/54201"}],"wp:featuredmedia":[{"embeddable":true,"href":"https:\/\/notiissa.mx\/index.php?rest_route=\/wp\/v2\/media\/54200"}],"wp:attachment":[{"href":"https:\/\/notiissa.mx\/index.php?rest_route=%2Fwp%2Fv2%2Fmedia&parent=54199"}],"wp:term":[{"taxonomy":"category","embeddable":true,"href":"https:\/\/notiissa.mx\/index.php?rest_route=%2Fwp%2Fv2%2Fcategories&post=54199"},{"taxonomy":"post_tag","embeddable":true,"href":"https:\/\/notiissa.mx\/index.php?rest_route=%2Fwp%2Fv2%2Ftags&post=54199"}],"curies":[{"name":"wp","href":"https:\/\/api.w.org\/{rel}","templated":true}]}}