{"id":54016,"date":"2023-03-07T22:16:13","date_gmt":"2023-03-07T22:16:13","guid":{"rendered":"https:\/\/notiissa.mx\/?p=54016"},"modified":"2023-03-07T22:16:15","modified_gmt":"2023-03-07T22:16:15","slug":"empoderamiento-de-mujeres-en-el-campo","status":"publish","type":"post","link":"https:\/\/notiissa.mx\/?p=54016","title":{"rendered":"EMPODERAMIENTO DE MUJERES EN EL CAMPO"},"content":{"rendered":"\n<p><strong>FUNDAMENTAL PARA REVERTIR VIOLENCIA Y MARGINACI\u00d3N: UMFFAAC<\/strong><\/p>\n\n\n\n<p>\u00b7Necesario impulsar pol\u00edticas p\u00fablicas incluyentes desde la totalidad de los sectores p\u00fablicos y privados.<\/p>\n\n\n\n<p>\u00b7Urge visibilizar el trabajo de la mujer en el sector rural.<\/p>\n\n\n\n<p>\u00b7Desarrollo y productividad, factores fundamentales para la equidad.<\/p>\n\n\n\n<p>El empoderamiento de las mujeres es fundamental para revertir los fen\u00f3menos de violencia y marginaci\u00f3n en el sector rural, por lo que es necesario que se impulsen pol\u00edticas p\u00fablicas incluyentes desde los tres niveles de gobierno, la iniciativa privada y las organizaciones sociales.<\/p>\n\n\n\n<p>Lo anterior, porque es obligaci\u00f3n de todas y todos realizar acciones efectivas que visibilicen los factores adversos en los que se desenvuelven&nbsp; 13 millones 600 mil mujeres que viven en las comunidades rurales en M\u00e9xico, asegur\u00f3 el&nbsp;presidente de la Uni\u00f3n Mexicana de Fabricantes y Formuladores de Agroqu\u00edmicos, (UMFFAAC), Luis Eduardo Gonz\u00e1lez Cepeda.<\/p>\n\n\n\n<p>Asimismo, se\u00f1al\u00f3 que el D\u00eda Internacional de la Mujer, no es para celebrar, sino para que la sociedad, en su conjunto, tome conciencia de la falta de justicia, marginaci\u00f3n, discriminaci\u00f3n y violencia que se ejerce en contra de las mujeres, sobre todo en el medio rural.<\/p>\n\n\n\n<p>Resalt\u00f3 que el empoderamiento de las mujeres es con el objetivo de que ellas colaboren en la generaci\u00f3n de pol\u00edticas p\u00fablicas y privadas, as\u00ed como de programas que impulsen un cambio real en los esquemas de producci\u00f3n en beneficio de las comunidades, municipios, regiones, estados y a nivel nacional.<\/p>\n\n\n\n<p>Asimismo, Gonz\u00e1lez Cepeda, apunt\u00f3 que actualmente las mujeres se encuentran excluidas &nbsp;y enfrentan obst\u00e1culos impuestos por la sociedad, que las encasilla a roles de g\u00e9nero que solo sirven para aumentar la discriminaci\u00f3n.<\/p>\n\n\n\n<p>Luis Eduardo Gonz\u00e1lez, se\u00f1al\u00f3 que uno de los puntos m\u00e1s importantes para dar respuesta a las demandas de las mujeres rurales, es implementar programas que impulsen la productividad con visi\u00f3n de g\u00e9nero, con todo lo que ello conlleva, reconocimiento de posesi\u00f3n de tierras, apertura de cr\u00e9ditos, capacitaci\u00f3n y acceso a paquetes tecnol\u00f3gicos que las impulsen a ellas y a sus comunidades a incrementar su producci\u00f3n.<\/p>\n\n\n\n<p>Se\u00f1al\u00f3 que lo que menos requieren las mujeres que trabajan la tierra, por ejemplo, es que se les pongan obst\u00e1culos para su producci\u00f3n o que se incremente la brecha de desigualdad al no poder contar con las tecnolog\u00edas existentes para una mayor producci\u00f3n, tal es el caso del uso de herbicidas como el glifosato, el cual les ayuda a controlar diversos tipos de maleza que pueden arrebatarles hasta el 40 por ciento de sus cosechas.<\/p>\n\n\n\n<p>Record\u00f3 que hasta el momento no hay estudios cient\u00edficos que demuestren que el glifosato es da\u00f1ino, pero s\u00ed hay investigaciones que demuestran que mientras menos se utilicen las tecnolog\u00edas existentes habr\u00e1 menos producci\u00f3n, lo que significa mantener en una situaci\u00f3n de vulnerabilidad a los casi 27 millones de mujeres y hombres del campo.&nbsp; &nbsp; &nbsp;&nbsp;<\/p>\n\n\n\n<p>Es&nbsp; momento de visibilizar el trabajo de las mujeres y este 8 de marzo es un d\u00eda para tomar conciencia de que el 46 por ciento del trabajo de las mujeres en el sector rural no es remunerado, sufren discriminaci\u00f3n, pagos menores al de los hombres, condiciones de vulnerabilidad y violencia de g\u00e9nero.<\/p>\n","protected":false},"excerpt":{"rendered":"<p>FUNDAMENTAL PARA REVERTIR VIOLENCIA Y MARGINACI\u00d3N: UMFFAAC \u00b7Necesario impulsar pol\u00edticas p\u00fablicas incluyentes desde la totalidad de los sectores p\u00fablicos y privados. \u00b7Urge visibilizar el trabajo de la mujer en el sector rural. \u00b7Desarrollo y productividad, factores fundamentales para la equidad. El empoderamiento de las mujeres es fundamental para revertir los fen\u00f3menos de violencia y marginaci\u00f3n [&hellip;]<\/p>\n","protected":false},"author":1,"featured_media":54017,"comment_status":"closed","ping_status":"open","sticky":false,"template":"","format":"standard","meta":{"rop_custom_images_group":[],"rop_custom_messages_group":[],"rop_publish_now":"initial","rop_publish_now_accounts":[],"rop_publish_now_history":[],"rop_publish_now_status":"pending","footnotes":""},"categories":[67,72,77],"tags":[23],"class_list":["post-54016","post","type-post","status-publish","format-standard","has-post-thumbnail","hentry","category-ciudad","category-estado","category-ni-lectoris","tag-destacado"],"_links":{"self":[{"href":"https:\/\/notiissa.mx\/index.php?rest_route=\/wp\/v2\/posts\/54016","targetHints":{"allow":["GET"]}}],"collection":[{"href":"https:\/\/notiissa.mx\/index.php?rest_route=\/wp\/v2\/posts"}],"about":[{"href":"https:\/\/notiissa.mx\/index.php?rest_route=\/wp\/v2\/types\/post"}],"author":[{"embeddable":true,"href":"https:\/\/notiissa.mx\/index.php?rest_route=\/wp\/v2\/users\/1"}],"replies":[{"embeddable":true,"href":"https:\/\/notiissa.mx\/index.php?rest_route=%2Fwp%2Fv2%2Fcomments&post=54016"}],"version-history":[{"count":1,"href":"https:\/\/notiissa.mx\/index.php?rest_route=\/wp\/v2\/posts\/54016\/revisions"}],"predecessor-version":[{"id":54018,"href":"https:\/\/notiissa.mx\/index.php?rest_route=\/wp\/v2\/posts\/54016\/revisions\/54018"}],"wp:featuredmedia":[{"embeddable":true,"href":"https:\/\/notiissa.mx\/index.php?rest_route=\/wp\/v2\/media\/54017"}],"wp:attachment":[{"href":"https:\/\/notiissa.mx\/index.php?rest_route=%2Fwp%2Fv2%2Fmedia&parent=54016"}],"wp:term":[{"taxonomy":"category","embeddable":true,"href":"https:\/\/notiissa.mx\/index.php?rest_route=%2Fwp%2Fv2%2Fcategories&post=54016"},{"taxonomy":"post_tag","embeddable":true,"href":"https:\/\/notiissa.mx\/index.php?rest_route=%2Fwp%2Fv2%2Ftags&post=54016"}],"curies":[{"name":"wp","href":"https:\/\/api.w.org\/{rel}","templated":true}]}}