{"id":54009,"date":"2023-03-07T01:54:02","date_gmt":"2023-03-07T01:54:02","guid":{"rendered":"https:\/\/notiissa.mx\/?p=54009"},"modified":"2023-03-07T01:54:03","modified_gmt":"2023-03-07T01:54:03","slug":"presentara-orquestrina-femenil-concierto-por-dia-internacional-de-la-mujer","status":"publish","type":"post","link":"https:\/\/notiissa.mx\/?p=54009","title":{"rendered":"Presentar\u00e1 Orquestrina Femenil concierto por D\u00eda Internacional de la Mujer"},"content":{"rendered":"\n<p><\/p>\n\n\n\n<p><em>-El concierto se efectuar\u00e1 el martes 7 de marzo a las 12:00 horas en la Plaza de la Revoluci\u00f3n<\/em>.<\/p>\n\n\n\n<p>Ciudad de Chihuahua.- \u201cM\u00fasica en mi Escuela\u201d, conmemorar\u00e1 el D\u00eda Internacional de la Mujer con una presentaci\u00f3n musical a cargo de la Orquestrina Femenil Chihuahua del Centro de Estudios Musicales (CEM).<\/p>\n\n\n\n<p>El concierto se llevar\u00e1 a cabo el pr\u00f3ximo martes 7 de marzo a las 12:00 horas en la Plaza de la Revoluci\u00f3n, a un costado del Edificio H\u00e9roes de la Revoluci\u00f3n, donde se presenciar\u00e1 el trabajo acad\u00e9mico y art\u00edstico de alumnas y maestras del CEM pertenecientes a esta agrupaci\u00f3n femenil, \u00fanica en su tipo por ser la primera con enfoque acad\u00e9mico y perteneciente a un ente p\u00fablico en el pa\u00eds.<\/p>\n\n\n\n<p>La Orquestrina Femenil Chihuahua estar\u00e1 dirigida por la maestra Melod\u00eda Gayt\u00e1n y contar\u00e1 con la participaci\u00f3n de reconocidas maestras solistas, quienes interpretar\u00e1n diversos y conocidos temas.<\/p>\n\n\n\n<p>Durante la presentaci\u00f3n musical, las y los asistentes podr\u00e1n apreciar el gran compromiso pedag\u00f3gico que desde el planteamiento acad\u00e9mico se sustenta por medio de las ense\u00f1anzas hacia la ni\u00f1ez y juventud.<\/p>\n\n\n\n<p>El principal objetivo de este evento es comunicar valores sociales indispensables para una buena convivencia como sociedad, a trav\u00e9s de una muestra art\u00edstica fresca y energ\u00e9tica de parte de talentosas ni\u00f1as, j\u00f3venes y docentes que integran la agrupaci\u00f3n.<\/p>\n","protected":false},"excerpt":{"rendered":"<p>-El concierto se efectuar\u00e1 el martes 7 de marzo a las 12:00 horas en la Plaza de la Revoluci\u00f3n. Ciudad de Chihuahua.- \u201cM\u00fasica en mi Escuela\u201d, conmemorar\u00e1 el D\u00eda Internacional de la Mujer con una presentaci\u00f3n musical a cargo de la Orquestrina Femenil Chihuahua del Centro de Estudios Musicales (CEM). El concierto se llevar\u00e1 a [&hellip;]<\/p>\n","protected":false},"author":1,"featured_media":54010,"comment_status":"closed","ping_status":"open","sticky":false,"template":"","format":"standard","meta":{"rop_custom_images_group":[],"rop_custom_messages_group":[],"rop_publish_now":"initial","rop_publish_now_accounts":[],"rop_publish_now_history":[],"rop_publish_now_status":"pending","footnotes":""},"categories":[67],"tags":[23],"class_list":["post-54009","post","type-post","status-publish","format-standard","has-post-thumbnail","hentry","category-ciudad","tag-destacado"],"_links":{"self":[{"href":"https:\/\/notiissa.mx\/index.php?rest_route=\/wp\/v2\/posts\/54009","targetHints":{"allow":["GET"]}}],"collection":[{"href":"https:\/\/notiissa.mx\/index.php?rest_route=\/wp\/v2\/posts"}],"about":[{"href":"https:\/\/notiissa.mx\/index.php?rest_route=\/wp\/v2\/types\/post"}],"author":[{"embeddable":true,"href":"https:\/\/notiissa.mx\/index.php?rest_route=\/wp\/v2\/users\/1"}],"replies":[{"embeddable":true,"href":"https:\/\/notiissa.mx\/index.php?rest_route=%2Fwp%2Fv2%2Fcomments&post=54009"}],"version-history":[{"count":1,"href":"https:\/\/notiissa.mx\/index.php?rest_route=\/wp\/v2\/posts\/54009\/revisions"}],"predecessor-version":[{"id":54011,"href":"https:\/\/notiissa.mx\/index.php?rest_route=\/wp\/v2\/posts\/54009\/revisions\/54011"}],"wp:featuredmedia":[{"embeddable":true,"href":"https:\/\/notiissa.mx\/index.php?rest_route=\/wp\/v2\/media\/54010"}],"wp:attachment":[{"href":"https:\/\/notiissa.mx\/index.php?rest_route=%2Fwp%2Fv2%2Fmedia&parent=54009"}],"wp:term":[{"taxonomy":"category","embeddable":true,"href":"https:\/\/notiissa.mx\/index.php?rest_route=%2Fwp%2Fv2%2Fcategories&post=54009"},{"taxonomy":"post_tag","embeddable":true,"href":"https:\/\/notiissa.mx\/index.php?rest_route=%2Fwp%2Fv2%2Ftags&post=54009"}],"curies":[{"name":"wp","href":"https:\/\/api.w.org\/{rel}","templated":true}]}}