{"id":53605,"date":"2023-02-11T16:51:52","date_gmt":"2023-02-11T16:51:52","guid":{"rendered":"https:\/\/notiissa.mx\/?p=53605"},"modified":"2023-02-11T16:51:54","modified_gmt":"2023-02-11T16:51:54","slug":"lula-es-necesario-dejar-de-disparar","status":"publish","type":"post","link":"https:\/\/notiissa.mx\/?p=53605","title":{"rendered":"Lula: \u00abEs necesario dejar de disparar\u00bb"},"content":{"rendered":"\n<p>Aboga en su encuentro con Biden por crear un grupo por la paz para terminar el conflicto en Ucrania.<\/p>\n\n\n\n<p>En su primer viaje a EE.UU. desde su nuevo estreno en el cargo, el presidente brasile\u00f1o le enfatiz\u00f3 a su hom\u00f3logo estadounidense sobre la necesidad de alcanzar una paz negociada por la senda de la diplomacia.<\/p>\n\n\n\n<p>El presidente de EE.UU., Joe Biden, recibi\u00f3 en la Casa Blanca, en Washington D.C., a su par brasile\u00f1o, Luiz In\u00e1cio Lula da Silva, quien acudi\u00f3 acompa\u00f1ado por su esposa,\u00a0Ros\u00e2ngela da Silva.<\/p>\n\n\n\n<p>El encuentro entre ambos l\u00edderes fue breve y a puerta cerrada. En la previa, Lula da Silva hab\u00eda adelantado que tocar\u00eda el tema del embargo econ\u00f3mico de EE.UU. sobre Cuba y el conflicto en Ucrania. En cuanto a esta \u00faltima cuesti\u00f3n, el presidente brasile\u00f1o considera necesario construir un grupo de pa\u00edses para negociar la paz.<\/p>\n\n\n\n<p>\u00abHable con el presidente Biden lo que ya le hab\u00eda dicho al presidente [de Francia], Emmanuel Macron, y al canciller de Alemania, [Olaf Scholz], sobre la <strong>necesidad de crear un grupo que trabaje por la paz y el fin de la guerra en el mundo<\/strong>. Es necesario dejar de disparar, de lo contrario no hay soluci\u00f3n\u00bb, escribi\u00f3 Lula en Twitter luego de su di\u00e1logo con Biden.<\/p>\n\n\n\n<p>Hablando con\u00a0la prensa una vez concluy\u00f3 su visita a la Casa Blanca, el l\u00edder brasile\u00f1o asegur\u00f3 que sinti\u00f3 la misma preocupaci\u00f3n respecto a Ucrania de parte de Biden, porque \u00abnadie quiere que esta guerra contin\u00fae\u00bb.<\/p>\n\n\n\n<p>\u00abEs necesario que haya socios capaces de construir un grupo de negociadores en el que las dos partes conf\u00eden y que pueda comprender a los dos lados y terminar la guerra. Lo primero que hay que hacer es terminar la guerra, despu\u00e9s hay que negociar qu\u00e9 suceder\u00e1 en el futuro\u00bb, asever\u00f3.<\/p>\n\n\n\n<p>Antes de su reuni\u00f3n privada Biden y Lula dirigieron algunas palabras a la prensa.<\/p>\n\n\n\n<p>Biden asegur\u00f3 que ambos rechazan la violencia pol\u00edtica y reafirm\u00f3 su apoyo a la democracia brasile\u00f1a. En este sentido, reiter\u00f3 la necesidad de que EE.UU. y Brasil contin\u00faen defendiendo juntos los \u00abvalores democr\u00e1ticos\u00bb y destac\u00f3 que los fuertes lazos entre ambos pa\u00edses los convierten en socios naturales para enfrentar los grandes desaf\u00edos actuales globales, y en especial el cambio clim\u00e1tico.<\/p>\n\n\n\n<p>Lula agradeci\u00f3 la solidaridad del mandatario norteamericano en el reconocimiento de su posesi\u00f3n como presidente de Brasil y por su postura en defensa de la democracia. Seg\u00fan manifest\u00f3, desea reposicionar a su pa\u00eds dentro del mundo, argumentando que, durante cuatro a\u00f1os, bajo la Administraci\u00f3n anterior, la naci\u00f3n suramericana permaneci\u00f3 \u00abautomarginada\u00bb de la esfera internacional. \u00ab[Con] un presidente [Jair Bolsonaro] al que no le gustaba mantener relaciones con ning\u00fan pa\u00eds. Su mundo acababa y comenzaba con &#8216;fakes news'\u00bb, asever\u00f3.<\/p>\n\n\n\n<p>En este sentido, Lula subray\u00f3 que EE.UU. representa un factor importante en las relaciones internacionales de Brasil y que existen varios problemas sobre los cuales pueden \u00abtrabajar juntos\u00bb. Por ejemplo, en garantizar que jam\u00e1s vuelva a producirse un asalto como el del Capitolio en Washington y el ataque al Congreso en Brasilia y en luchar contra la desigualdad, el racismo y el cambio clim\u00e1tico.<\/p>\n\n\n\n<h3 class=\"wp-block-heading\">La Amazon\u00eda&nbsp;<\/h3>\n\n\n\n<p>Respecto a este \u00faltimo punto, el mandatario record\u00f3 que Brasil hab\u00eda asumido el compromiso de reducir la deforestaci\u00f3n, pero resalt\u00f3 que en los \u00faltimos a\u00f1os la Amazon\u00eda fue invadida por la \u00abirracionalidad pol\u00edtica\u00bb y la \u00abirracionalidad humana\u00bb. \u00abTuvimos un presidente [Bolsonaro] que mandaba deforestar, que mandaba que el &#8216;garimpo&#8217; ilegal [miner\u00eda ilegal] entrase en tierras ind\u00edgenas\u00bb, critic\u00f3.<\/p>\n\n\n\n<p>Lula afirm\u00f3 que asumi\u00f3 un compromiso de \u00abcero deforestaciones\u00bb hasta el 2030 y que su Gobierno har\u00e1 un esfuerzo muy grande para transforma la Amazon\u00eda en un \u00abgran centro de investigaci\u00f3n compartido con el mundo\u00bb para \u00abaprovechar la riqueza de su biodiversidad\u00bb y que pueda ser trasformada para mejorar la calidad de vida de quienes viven en esa regi\u00f3n. \u00abVamos a tomarnos muy en serio esta cuesti\u00f3n del clima\u00bb, recalc\u00f3.<\/p>\n\n\n\n<h3 class=\"wp-block-heading\">Agenda previa<\/h3>\n\n\n\n<p>Antes de acudir a la Casa Blanca, la jornada de Lula este viernes en EE.UU. incluy\u00f3 un encuentro&nbsp;con el senador Bernie Sanders y luego una audiencia con legisladores del Partido Dem\u00f3crata.<\/p>\n\n\n\n<p>Tambi\u00e9n sostuvo una reuni\u00f3n con representantes de la Federaci\u00f3n&nbsp;Americana&nbsp;del Trabajo y Congreso de Organizaciones Industriales (AFL-CIO, por sus siglas en ingl\u00e9s), la mayor&nbsp;central obrera&nbsp;de los&nbsp;EE.UU.&nbsp;y&nbsp;Canad\u00e1.<\/p>\n\n\n\n<p>La comitiva de Lula en EE.UU. est\u00e1 conformada por los ministros de&nbsp;Relaciones Exteriores, Mauro Vieira; de Econom\u00eda, Fernando Haddad; de Medio Ambiente, Marina Silva; y de Igualdad Racial, Anielle Franco.<\/p>\n\n\n\n<p>Tambi\u00e9n lo acompa\u00f1an Celso Amorim,&nbsp;asesor especial&nbsp;sobre asuntos internacionales; el secretario ejecutivo del Ministerio de Desarrollo Econ\u00f3mico y Comercio, Marcio Elias Rosa; y el senador Jaques Wagner.&nbsp;<\/p>\n\n\n\n<p>Este viaje de Lula a la capital estadounidense se dio luego de una invitaci\u00f3n que le extendi\u00f3 Biden a principios de enero pasado, en una conversaci\u00f3n telef\u00f3nica que sostuvieron luego del violento ataque\u00a0de bolsonaristas al\u00a0Palacio de Planalto, el Congreso y la Corte Suprema en Brasilia.<\/p>\n\n\n\n<p>RT<\/p>\n","protected":false},"excerpt":{"rendered":"<p>Aboga en su encuentro con Biden por crear un grupo por la paz para terminar el conflicto en Ucrania. En su primer viaje a EE.UU. desde su nuevo estreno en el cargo, el presidente brasile\u00f1o le enfatiz\u00f3 a su hom\u00f3logo estadounidense sobre la necesidad de alcanzar una paz negociada por la senda de la diplomacia. [&hellip;]<\/p>\n","protected":false},"author":1,"featured_media":53606,"comment_status":"closed","ping_status":"open","sticky":false,"template":"","format":"standard","meta":{"rop_custom_images_group":[],"rop_custom_messages_group":[],"rop_publish_now":"initial","rop_publish_now_accounts":[],"rop_publish_now_history":[],"rop_publish_now_status":"pending","footnotes":""},"categories":[60],"tags":[23],"class_list":["post-53605","post","type-post","status-publish","format-standard","has-post-thumbnail","hentry","category-sonnoticia","tag-destacado"],"_links":{"self":[{"href":"https:\/\/notiissa.mx\/index.php?rest_route=\/wp\/v2\/posts\/53605","targetHints":{"allow":["GET"]}}],"collection":[{"href":"https:\/\/notiissa.mx\/index.php?rest_route=\/wp\/v2\/posts"}],"about":[{"href":"https:\/\/notiissa.mx\/index.php?rest_route=\/wp\/v2\/types\/post"}],"author":[{"embeddable":true,"href":"https:\/\/notiissa.mx\/index.php?rest_route=\/wp\/v2\/users\/1"}],"replies":[{"embeddable":true,"href":"https:\/\/notiissa.mx\/index.php?rest_route=%2Fwp%2Fv2%2Fcomments&post=53605"}],"version-history":[{"count":1,"href":"https:\/\/notiissa.mx\/index.php?rest_route=\/wp\/v2\/posts\/53605\/revisions"}],"predecessor-version":[{"id":53607,"href":"https:\/\/notiissa.mx\/index.php?rest_route=\/wp\/v2\/posts\/53605\/revisions\/53607"}],"wp:featuredmedia":[{"embeddable":true,"href":"https:\/\/notiissa.mx\/index.php?rest_route=\/wp\/v2\/media\/53606"}],"wp:attachment":[{"href":"https:\/\/notiissa.mx\/index.php?rest_route=%2Fwp%2Fv2%2Fmedia&parent=53605"}],"wp:term":[{"taxonomy":"category","embeddable":true,"href":"https:\/\/notiissa.mx\/index.php?rest_route=%2Fwp%2Fv2%2Fcategories&post=53605"},{"taxonomy":"post_tag","embeddable":true,"href":"https:\/\/notiissa.mx\/index.php?rest_route=%2Fwp%2Fv2%2Ftags&post=53605"}],"curies":[{"name":"wp","href":"https:\/\/api.w.org\/{rel}","templated":true}]}}