{"id":5241,"date":"2015-09-09T01:25:33","date_gmt":"2015-09-09T01:25:33","guid":{"rendered":"http:\/\/notiissa.mx\/?p=5241"},"modified":"2015-09-09T01:25:33","modified_gmt":"2015-09-09T01:25:33","slug":"guatemala-juez-ordena-prision-preventiva-para-el-expresidente-otto-perez-molina","status":"publish","type":"post","link":"https:\/\/notiissa.mx\/?p=5241","title":{"rendered":"Guatemala: Juez ordena prisi\u00f3n preventiva para el expresidente Otto P\u00e9rez Molina"},"content":{"rendered":"<div class=\"arcticle-summary\">\n<p style=\"text-align: justify;\">Un juez ha ordenado prisi\u00f3n preventiva para el expresidente de Guatemala Otto P\u00e9rez Molina, quien renunci\u00f3 la semana pasada en medio de un esc\u00e1ndalo de corrupci\u00f3n.<\/p>\n<\/div>\n<div class=\"arcticle-content\">\n<p style=\"text-align: justify;\">La decisi\u00f3n del juez Miguel \u00c1ngel G\u00e1lvez tiene por motivo que la fiscala lo investigue por asociaci\u00f3n il\u00edcita, cohecho pasivo, y defraudaci\u00f3n aduanera en lo que ha sido un esc\u00e1ndalo de corrupci\u00f3n de grandes dimensiones que le cost\u00f3 su envestidura como jefe de Estado.<\/p>\n<p style=\"text-align: justify;\">Por este mismo esc\u00e1ndalo ya se encentran encarcelados su exvicepresidenta, Roxana Baldetti, y otros altos funcionarios de su gobierno.<\/p>\n<p style=\"text-align: justify;\">\u00abEl auto de prisi\u00f3n preventiva se dicta por la raz\u00f3n del peligro de la obstaculizaci\u00f3n de la verdad\u00bb, anunci\u00f3 G\u00e1lvez al decretar el auto de detenci\u00f3n contra P\u00e9rez Molina. El juez argument\u00f3 que todav\u00eda hay personas pr\u00f3fugas sobre las cuales el exmandatario podr\u00eda influir, y por tanto podr\u00eda entorpecer la investigaci\u00f3n de la fiscal\u00eda.<\/p>\n<p style=\"text-align: justify;\">Tras conocerse la decisi\u00f3n del juez, P\u00e9rez Molina ofreci\u00f3 declaraciones ante los medios en las que se\u00f1al\u00f3 que la orden le parece incomprensible: \u00abNo entiendo la decisi\u00f3n del juez (\u2026) Yo me siento tranquilo y estoy seguro de que se aclarar\u00e1 que <a href=\"http:\/\/actualidad.rt.com\/video\/185025-otto-perez-molina-niega-corrupcion-guatemala\" target=\"_blank\">no tengo nada que ver<\/a>\u00a0en esta organizaci\u00f3n criminal\u00bb.<\/p>\n<p style=\"text-align: justify;\">Con la renuncia de Otto P\u00e9rez Molina a la Presidencia de Guatemala, el cargo pas\u00f3 a manos de Alejandro Maldonado Aguirre, que fue elegido vicepresidente luego de la dimisi\u00f3n de Roxana Baldetti.<\/p>\n<p style=\"text-align: justify;\">Maldonado, un exmagistrado de 79 a\u00f1os de edad, ocupar\u00e1 la presidencia hasta el 14 de enero de 2016, cuando tome posesi\u00f3n el nuevo presidente, que ser\u00e1 elegido en la segunda vuelta de las elecciones presidenciales, en cuya primera vuelta el pasado 6 de septiembre dejaron como l\u00edder provisional a <a href=\"http:\/\/actualidad.rt.com\/rtpedia\/185258-jimmy-morales-candidato-presidencia-guatemala\" target=\"_blank\">Jimmy Morales<\/a>.<\/p>\n<p style=\"text-align: justify;\">Carlos Barrientos, secretario ejecutivo del Comit\u00e9 de Unidad Campesina de Guatemala, afirma que el juicio a Otto P\u00e9rez Molina \u00abes una victoria ciudadana, aunque falta mucho por hacer todav\u00eda para combatir la corrupci\u00f3n en el pa\u00eds\u00bb.<\/p>\n<\/div>\n","protected":false},"excerpt":{"rendered":"<p>Un juez ha ordenado prisi\u00f3n preventiva para el expresidente de Guatemala Otto P\u00e9rez Molina, quien renunci\u00f3 la semana pasada en medio de un esc\u00e1ndalo de corrupci\u00f3n. La decisi\u00f3n del juez Miguel \u00c1ngel G\u00e1lvez tiene por motivo que la fiscala lo investigue por asociaci\u00f3n il\u00edcita, cohecho pasivo, y defraudaci\u00f3n aduanera en lo que ha sido un [&hellip;]<\/p>\n","protected":false},"author":1,"featured_media":5242,"comment_status":"open","ping_status":"open","sticky":false,"template":"","format":"standard","meta":{"rop_custom_images_group":[],"rop_custom_messages_group":[],"rop_publish_now":"initial","rop_publish_now_accounts":[],"rop_publish_now_history":[],"rop_publish_now_status":"pending","footnotes":""},"categories":[60],"tags":[],"class_list":["post-5241","post","type-post","status-publish","format-standard","has-post-thumbnail","hentry","category-sonnoticia"],"_links":{"self":[{"href":"https:\/\/notiissa.mx\/index.php?rest_route=\/wp\/v2\/posts\/5241","targetHints":{"allow":["GET"]}}],"collection":[{"href":"https:\/\/notiissa.mx\/index.php?rest_route=\/wp\/v2\/posts"}],"about":[{"href":"https:\/\/notiissa.mx\/index.php?rest_route=\/wp\/v2\/types\/post"}],"author":[{"embeddable":true,"href":"https:\/\/notiissa.mx\/index.php?rest_route=\/wp\/v2\/users\/1"}],"replies":[{"embeddable":true,"href":"https:\/\/notiissa.mx\/index.php?rest_route=%2Fwp%2Fv2%2Fcomments&post=5241"}],"version-history":[{"count":1,"href":"https:\/\/notiissa.mx\/index.php?rest_route=\/wp\/v2\/posts\/5241\/revisions"}],"predecessor-version":[{"id":5243,"href":"https:\/\/notiissa.mx\/index.php?rest_route=\/wp\/v2\/posts\/5241\/revisions\/5243"}],"wp:featuredmedia":[{"embeddable":true,"href":"https:\/\/notiissa.mx\/index.php?rest_route=\/wp\/v2\/media\/5242"}],"wp:attachment":[{"href":"https:\/\/notiissa.mx\/index.php?rest_route=%2Fwp%2Fv2%2Fmedia&parent=5241"}],"wp:term":[{"taxonomy":"category","embeddable":true,"href":"https:\/\/notiissa.mx\/index.php?rest_route=%2Fwp%2Fv2%2Fcategories&post=5241"},{"taxonomy":"post_tag","embeddable":true,"href":"https:\/\/notiissa.mx\/index.php?rest_route=%2Fwp%2Fv2%2Ftags&post=5241"}],"curies":[{"name":"wp","href":"https:\/\/api.w.org\/{rel}","templated":true}]}}