{"id":51603,"date":"2022-11-08T22:38:00","date_gmt":"2022-11-08T22:38:00","guid":{"rendered":"https:\/\/notiissa.mx\/?p=51603"},"modified":"2022-11-08T22:38:02","modified_gmt":"2022-11-08T22:38:02","slug":"blatter-la-eleccion-de-catar-fue-un-error","status":"publish","type":"post","link":"https:\/\/notiissa.mx\/?p=51603","title":{"rendered":"Blatter: \u00abLa elecci\u00f3n de Catar fue un error"},"content":{"rendered":"\n<h1 class=\"wp-block-heading\"><\/h1>\n\n\n\n<p>El Mundial 2022 deb\u00eda ser en EE.UU\u00bb.<\/p>\n\n\n\n<p>El expresidente de la FIFA tambi\u00e9n revel\u00f3 que hubo \u00abuna cuesti\u00f3n de dinero de por medio\u00bb.<\/p>\n\n\n\n<p>Joseph Blatter, presidente de la FIFA entre 1998 y 2015, ha tildado de \u00aberror\u00bb la elecci\u00f3n de Catar como sede de la Copa Mundial de F\u00fatbol de 2022 durante una entrevista concedida al medio suizo Tages-Anzaiger, que se ha publicado este lunes.<\/p>\n\n\n\n<p>\u00abLa elecci\u00f3n de Catar fue un error y <strong>asumo mi responsabilidad<\/strong> porque yo era el presidente de la FIFA en aquel momento\u00bb, declar\u00f3. \u00abCatar es un pa\u00eds peque\u00f1o. El f\u00fatbol y los mundiales son para pa\u00edses grandes\u00bb, a\u00f1adi\u00f3, en alusi\u00f3n a los posibles problemas t\u00e9cnicos y log\u00edsticos que ello podr\u00eda conllevar.<\/p>\n\n\n\n<p>Asimismo, revel\u00f3 que el Comit\u00e9 Ejecutivo de la instituci\u00f3n hab\u00eda acordado que Rusia organizar\u00eda el Mundial de 2018 y EE.UU. el de 2022 argumentando que el hecho de que \u00ablos dos rivales pol\u00edticos\u00bb hubieran sido anfitriones de ese evento deportivo uno despu\u00e9s del otro \u00abhabr\u00eda sido un gesto de paz\u00bb. Otros candidatos eran Jap\u00f3n, Australia y Corea del Sur.<\/p>\n\n\n\n<p>\u00abUna semana antes del congreso de la FIFA en 2010, Michel [Platini] me llam\u00f3 para contarme que nuestro plan no iba a funcionar\u00bb, continu\u00f3 Blatter. \u00abAcababa de ser invitado por el presidente franc\u00e9s [Nicolas] Sarkozy que, a su vez, hab\u00eda mantenido varios encuentros con el pr\u00edncipe heredero de Catar\u00bb, agreg\u00f3.<\/p>\n\n\n\n<h3 class=\"wp-block-heading\"><strong>\u00abEs la verdad\u00bb<\/strong><\/h3>\n\n\n\n<p>En este sentido, asegur\u00f3 que los votos de Platini fueron decisivos para elegir al pa\u00eds \u00e1rabe como sede de la cita mundialista. \u00abEs la verdad. Y, por supuesto que hab\u00eda una cuesti\u00f3n de dinero de por medio. Seis meses despu\u00e9s de aquellas reuniones, Catar compr\u00f3 aviones de combate a los franceses por un valor de 14.600 millones de d\u00f3lares\u00bb, detall\u00f3.<\/p>\n\n\n\n<p>Por otro lado, Blatter manifest\u00f3 su <strong>satisfacci\u00f3n<\/strong> con el hecho de que, salvo \u00abalgunas excepciones\u00bb, <strong>no haya habido boicots de futbolistas<\/strong> al Mundial. \u00abCon el primer pitido del \u00e1rbitro ya no hablaremos de todos estos problemas, solo de deporte\u00bb, apunt\u00f3.<\/p>\n\n\n\n<p>Cuando le preguntaron por su reciente absoluci\u00f3n de los cargos de fraude, gesti\u00f3n desleal, abuso de confianza y falsificaci\u00f3n documental, que tuvo lugar el pasado mes de julio, dijo que se siente \u00abaliviado\u00bb, precisando que siempre supo que era inocente.<\/p>\n\n\n\n<p>RT<\/p>\n\n\n\n<p><\/p>\n\n\n\n<p><\/p>\n","protected":false},"excerpt":{"rendered":"<p>El Mundial 2022 deb\u00eda ser en EE.UU\u00bb. El expresidente de la FIFA tambi\u00e9n revel\u00f3 que hubo \u00abuna cuesti\u00f3n de dinero de por medio\u00bb. Joseph Blatter, presidente de la FIFA entre 1998 y 2015, ha tildado de \u00aberror\u00bb la elecci\u00f3n de Catar como sede de la Copa Mundial de F\u00fatbol de 2022 durante una entrevista concedida [&hellip;]<\/p>\n","protected":false},"author":1,"featured_media":51604,"comment_status":"closed","ping_status":"open","sticky":false,"template":"","format":"standard","meta":{"rop_custom_images_group":[],"rop_custom_messages_group":[],"rop_publish_now":"initial","rop_publish_now_accounts":[],"rop_publish_now_history":[],"rop_publish_now_status":"pending","footnotes":""},"categories":[70],"tags":[],"class_list":["post-51603","post","type-post","status-publish","format-standard","has-post-thumbnail","hentry","category-espectaculos"],"_links":{"self":[{"href":"https:\/\/notiissa.mx\/index.php?rest_route=\/wp\/v2\/posts\/51603","targetHints":{"allow":["GET"]}}],"collection":[{"href":"https:\/\/notiissa.mx\/index.php?rest_route=\/wp\/v2\/posts"}],"about":[{"href":"https:\/\/notiissa.mx\/index.php?rest_route=\/wp\/v2\/types\/post"}],"author":[{"embeddable":true,"href":"https:\/\/notiissa.mx\/index.php?rest_route=\/wp\/v2\/users\/1"}],"replies":[{"embeddable":true,"href":"https:\/\/notiissa.mx\/index.php?rest_route=%2Fwp%2Fv2%2Fcomments&post=51603"}],"version-history":[{"count":1,"href":"https:\/\/notiissa.mx\/index.php?rest_route=\/wp\/v2\/posts\/51603\/revisions"}],"predecessor-version":[{"id":51605,"href":"https:\/\/notiissa.mx\/index.php?rest_route=\/wp\/v2\/posts\/51603\/revisions\/51605"}],"wp:featuredmedia":[{"embeddable":true,"href":"https:\/\/notiissa.mx\/index.php?rest_route=\/wp\/v2\/media\/51604"}],"wp:attachment":[{"href":"https:\/\/notiissa.mx\/index.php?rest_route=%2Fwp%2Fv2%2Fmedia&parent=51603"}],"wp:term":[{"taxonomy":"category","embeddable":true,"href":"https:\/\/notiissa.mx\/index.php?rest_route=%2Fwp%2Fv2%2Fcategories&post=51603"},{"taxonomy":"post_tag","embeddable":true,"href":"https:\/\/notiissa.mx\/index.php?rest_route=%2Fwp%2Fv2%2Ftags&post=51603"}],"curies":[{"name":"wp","href":"https:\/\/api.w.org\/{rel}","templated":true}]}}