{"id":51107,"date":"2022-10-20T22:52:38","date_gmt":"2022-10-20T22:52:38","guid":{"rendered":"https:\/\/notiissa.mx\/?p=51107"},"modified":"2022-10-20T22:52:40","modified_gmt":"2022-10-20T22:52:40","slug":"convocan-a-participar-en-el-desfile-civico-deportivo-de-la-revolucion-mexicana","status":"publish","type":"post","link":"https:\/\/notiissa.mx\/?p=51107","title":{"rendered":"Convocan a participar en el desfile c\u00edvico deportivo de la Revoluci\u00f3n Mexicana"},"content":{"rendered":"\n<p><em>-Podr\u00e1n participar planteles de Secundaria, Media Superior y Superior en los concursos de Danza Folcl\u00f3rica, Tabla Gimn\u00e1stica y Carro Aleg\u00f3rico Tem\u00e1tico<\/em>.<\/p>\n\n\n\n<p><br>Chihuahua.- La Secretar\u00eda de Educaci\u00f3n y Deporte (SEyD) convoca a instituciones educativas, clubes y agrupaciones deportivas, \u00a0as\u00ed como dependencias p\u00fablicas de los tres \u00f3rdenes de Gobierno a registrarse para participar en el desfile c\u00edvico deportivo conmemorativo del 112 Aniversario del Inicio de la Revoluci\u00f3n Mexicana.<\/p>\n\n\n\n<p>El domingo 20 de noviembre a las 10:30 horas se realizar\u00e1 este tradicional desfile en la Ciudad de Chihuahua, que tendr\u00e1 como punto de partida la avenida Venustiano Carranza en esquina con calle Allende y concluir\u00e1 su recorrido en la avenida Crist\u00f3bal Col\u00f3n.<\/p>\n\n\n\n<p>En lo que respecta al sector educativo, podr\u00e1n participar planteles de los niveles de Secundaria, Media Superior y Superior y sus contingentes competir\u00e1n en los concursos de Danza Folcl\u00f3rica, Tabla Gimn\u00e1stica y Carro Aleg\u00f3rico Tem\u00e1tico.<\/p>\n\n\n\n<p>La convocatoria y las c\u00e9dulas de inscripci\u00f3n est\u00e1n disponibles para su descarga en el portal oficial de la SEyD: http:\/\/educacion.chihuahua.gob.mx\/, la fecha l\u00edmite para el registro es el viernes 11 de noviembre a las 14:00 horas.<\/p>\n\n\n\n<p>Para mayores informes, comunicarse al Departamento de Acci\u00f3n C\u00edvico Social de la SEyD, en el tel\u00e9fono 614 429 33 00 extensiones 24785 y 24778, o al correo electr\u00f3nico: rogelio.sanchez@chihuahuaedu.gob.mx.<\/p>\n","protected":false},"excerpt":{"rendered":"<p>-Podr\u00e1n participar planteles de Secundaria, Media Superior y Superior en los concursos de Danza Folcl\u00f3rica, Tabla Gimn\u00e1stica y Carro Aleg\u00f3rico Tem\u00e1tico. Chihuahua.- La Secretar\u00eda de Educaci\u00f3n y Deporte (SEyD) convoca a instituciones educativas, clubes y agrupaciones deportivas, \u00a0as\u00ed como dependencias p\u00fablicas de los tres \u00f3rdenes de Gobierno a registrarse para participar en el desfile c\u00edvico [&hellip;]<\/p>\n","protected":false},"author":1,"featured_media":51108,"comment_status":"closed","ping_status":"open","sticky":false,"template":"","format":"standard","meta":{"rop_custom_images_group":[],"rop_custom_messages_group":[],"rop_publish_now":"initial","rop_publish_now_accounts":[],"rop_publish_now_history":[],"rop_publish_now_status":"pending","footnotes":""},"categories":[67,64,72],"tags":[],"class_list":["post-51107","post","type-post","status-publish","format-standard","has-post-thumbnail","hentry","category-ciudad","category-educacion","category-estado"],"_links":{"self":[{"href":"https:\/\/notiissa.mx\/index.php?rest_route=\/wp\/v2\/posts\/51107","targetHints":{"allow":["GET"]}}],"collection":[{"href":"https:\/\/notiissa.mx\/index.php?rest_route=\/wp\/v2\/posts"}],"about":[{"href":"https:\/\/notiissa.mx\/index.php?rest_route=\/wp\/v2\/types\/post"}],"author":[{"embeddable":true,"href":"https:\/\/notiissa.mx\/index.php?rest_route=\/wp\/v2\/users\/1"}],"replies":[{"embeddable":true,"href":"https:\/\/notiissa.mx\/index.php?rest_route=%2Fwp%2Fv2%2Fcomments&post=51107"}],"version-history":[{"count":1,"href":"https:\/\/notiissa.mx\/index.php?rest_route=\/wp\/v2\/posts\/51107\/revisions"}],"predecessor-version":[{"id":51109,"href":"https:\/\/notiissa.mx\/index.php?rest_route=\/wp\/v2\/posts\/51107\/revisions\/51109"}],"wp:featuredmedia":[{"embeddable":true,"href":"https:\/\/notiissa.mx\/index.php?rest_route=\/wp\/v2\/media\/51108"}],"wp:attachment":[{"href":"https:\/\/notiissa.mx\/index.php?rest_route=%2Fwp%2Fv2%2Fmedia&parent=51107"}],"wp:term":[{"taxonomy":"category","embeddable":true,"href":"https:\/\/notiissa.mx\/index.php?rest_route=%2Fwp%2Fv2%2Fcategories&post=51107"},{"taxonomy":"post_tag","embeddable":true,"href":"https:\/\/notiissa.mx\/index.php?rest_route=%2Fwp%2Fv2%2Ftags&post=51107"}],"curies":[{"name":"wp","href":"https:\/\/api.w.org\/{rel}","templated":true}]}}