{"id":50943,"date":"2022-10-14T16:46:11","date_gmt":"2022-10-14T16:46:11","guid":{"rendered":"https:\/\/notiissa.mx\/?p=50943"},"modified":"2022-10-14T16:46:13","modified_gmt":"2022-10-14T16:46:13","slug":"participa-lupita-borruel-en-semana-de-la-salud-mental","status":"publish","type":"post","link":"https:\/\/notiissa.mx\/?p=50943","title":{"rendered":"Participa Lupita Borruel en semana de la salud mental"},"content":{"rendered":"\n<p><\/p>\n\n\n\n<p>Ciudad de Chihuahua.- Luego de participar en las conferencias de la Semana de la Salud Mental organizadas por el Hospital Psiqui\u00e1trico \u201cDr. Ignacio Gonz\u00e1lez Estabillo\u201d la regidora que preside el Comisi\u00f3n de Salud Lupita Borruel Baquera, realiz\u00f3 un recorrido por el Hospital de la Salud Mental de Chihuahua y en compa\u00f1\u00eda de expertos, pacientes y familiares tuvo la oportunidad de conocer c\u00f3mo tratar los padecimientos m\u00e1s comunes.<\/p>\n\n\n\n<p>Las enfermedades cr\u00f3nicas como la bipolaridad, la depresi\u00f3n, la esquizofrenia, la ansiedad, el trastorno de oposici\u00f3n desafiante, el trastorno de conducta, S\u00edndrome de Gilles de la Tourette y otros afectan a una parte de la poblaci\u00f3n, siendo m\u00e1s comunes en nuestra ciudad las afecciones por depresi\u00f3n y bipolaridad, as\u00ed como las enfermedades causadas por el uso de drogas.<\/p>\n\n\n\n<p>\u201cRealizamos un recorrido por el hospital cuyas instalaciones datan de la \u00e9poca del General Francisco Villa y pudimos conocer que hay buena atenci\u00f3n hacia los pacientes, por lo cual consideramos que los hospitales para atender este tipo de enfermedades son de gran importancia para mantener la salud de los pacientes\u201d, dijo la Regidora.<\/p>\n\n\n\n<p>Los ponentes de las pl\u00e1ticas fueron:  Mario Alberto Salgado Castillo;  Patricia Ch\u00e1vez Zamarr\u00f3n;  Maguregui Lechuga Coordinadora del Departamento de Psicolog\u00eda y  N\u00e9stor Eduardo Rodr\u00edguez Olivas Coordinador de Ense\u00f1anza en Enfermer\u00eda del Hospital Psiqui\u00e1trico antes mencionado.<\/p>\n\n\n\n<p>Manifest\u00f3 su compromiso de continuar trabajando en coordinaci\u00f3n con la administraci\u00f3n municipal a trav\u00e9s del IMPAS para que se contin\u00fae trabajando con los programas de atenci\u00f3n y orientaci\u00f3n sobre las enfermedades mentales.<\/p>\n","protected":false},"excerpt":{"rendered":"<p>Ciudad de Chihuahua.- Luego de participar en las conferencias de la Semana de la Salud Mental organizadas por el Hospital Psiqui\u00e1trico \u201cDr. Ignacio Gonz\u00e1lez Estabillo\u201d la regidora que preside el Comisi\u00f3n de Salud Lupita Borruel Baquera, realiz\u00f3 un recorrido por el Hospital de la Salud Mental de Chihuahua y en compa\u00f1\u00eda de expertos, pacientes y [&hellip;]<\/p>\n","protected":false},"author":1,"featured_media":50944,"comment_status":"closed","ping_status":"open","sticky":false,"template":"","format":"standard","meta":{"rop_custom_images_group":[],"rop_custom_messages_group":[],"rop_publish_now":"initial","rop_publish_now_accounts":[],"rop_publish_now_history":[],"rop_publish_now_status":"pending","footnotes":""},"categories":[67,72,71],"tags":[23],"class_list":["post-50943","post","type-post","status-publish","format-standard","has-post-thumbnail","hentry","category-ciudad","category-estado","category-salud","tag-destacado"],"_links":{"self":[{"href":"https:\/\/notiissa.mx\/index.php?rest_route=\/wp\/v2\/posts\/50943","targetHints":{"allow":["GET"]}}],"collection":[{"href":"https:\/\/notiissa.mx\/index.php?rest_route=\/wp\/v2\/posts"}],"about":[{"href":"https:\/\/notiissa.mx\/index.php?rest_route=\/wp\/v2\/types\/post"}],"author":[{"embeddable":true,"href":"https:\/\/notiissa.mx\/index.php?rest_route=\/wp\/v2\/users\/1"}],"replies":[{"embeddable":true,"href":"https:\/\/notiissa.mx\/index.php?rest_route=%2Fwp%2Fv2%2Fcomments&post=50943"}],"version-history":[{"count":1,"href":"https:\/\/notiissa.mx\/index.php?rest_route=\/wp\/v2\/posts\/50943\/revisions"}],"predecessor-version":[{"id":50945,"href":"https:\/\/notiissa.mx\/index.php?rest_route=\/wp\/v2\/posts\/50943\/revisions\/50945"}],"wp:featuredmedia":[{"embeddable":true,"href":"https:\/\/notiissa.mx\/index.php?rest_route=\/wp\/v2\/media\/50944"}],"wp:attachment":[{"href":"https:\/\/notiissa.mx\/index.php?rest_route=%2Fwp%2Fv2%2Fmedia&parent=50943"}],"wp:term":[{"taxonomy":"category","embeddable":true,"href":"https:\/\/notiissa.mx\/index.php?rest_route=%2Fwp%2Fv2%2Fcategories&post=50943"},{"taxonomy":"post_tag","embeddable":true,"href":"https:\/\/notiissa.mx\/index.php?rest_route=%2Fwp%2Fv2%2Ftags&post=50943"}],"curies":[{"name":"wp","href":"https:\/\/api.w.org\/{rel}","templated":true}]}}