{"id":50417,"date":"2022-09-23T00:30:35","date_gmt":"2022-09-23T00:30:35","guid":{"rendered":"https:\/\/notiissa.mx\/?p=50417"},"modified":"2022-09-23T00:30:37","modified_gmt":"2022-09-23T00:30:37","slug":"aeromexico-reabre-ruta-de-cdmx-a-morelia-tras-mas-de-dos-anos","status":"publish","type":"post","link":"https:\/\/notiissa.mx\/?p=50417","title":{"rendered":"Aerom\u00e9xico reabre ruta de CDMX a Morelia tras m\u00e1s de dos a\u00f1os"},"content":{"rendered":"\n<p>Aerom\u00e9xico retom\u00f3 luego de m\u00e1s de dos a\u00f1os la ruta sin escalas desde el Aeropuerto Internacional de Ciudad de M\u00e9xico (AICM) hacia Morelia con dos vuelos diarios. La aerol\u00ednea suspendi\u00f3 la ruta el 29 de marzo de 2020, por la crisis que gener\u00f3 la pandemia.<\/p>\n\n\n\n<p>Las dos rutas ser\u00e1n operadas por aeronaves Embraer 190 con capacidad para 99 pasajeros en dos clases, 11 Clase Premier y 88 Clase Turista. Las tarifas iniciales son promocionales y ya est\u00e1n disponibles desde 1.581 pesos mexicanos por trayecto.<\/p>\n\n\n\n<p>Con esta nueva ruta, Morelia alcanza la operaci\u00f3n de cinco destinos durante todo el a\u00f1o: Mexicali, Monterrey, Tijuana, Canc\u00fan y Ciudad de M\u00e9xico. Por su parte, Aerom\u00e9xico ser\u00e1 la tercera aerol\u00ednea en operar all\u00ed con una oferta de 12.000 asientos mensuales al Aeropuerto General Francisco Mujica de Morelia, as\u00ed lo recoge Aviacionline.<\/p>\n\n\n\n<p>Como dijo <em>REPORTUR.mx<\/em>, el estado en la Categor\u00eda 2 que la Administraci\u00f3n Federal de Aviaci\u00f3n (FAA) mantiene al espacio a\u00e9reo mexicano perjudica a las aerol\u00edneas como Aerom\u00e9xico, pues en parte le ha impedido operar 40 aviones nuevos en rutas hacia Estados Unidos. <\/p>\n\n\n\n<p><\/p>\n","protected":false},"excerpt":{"rendered":"<p>Aerom\u00e9xico retom\u00f3 luego de m\u00e1s de dos a\u00f1os la ruta sin escalas desde el Aeropuerto Internacional de Ciudad de M\u00e9xico (AICM) hacia Morelia con dos vuelos diarios. La aerol\u00ednea suspendi\u00f3 la ruta el 29 de marzo de 2020, por la crisis que gener\u00f3 la pandemia. Las dos rutas ser\u00e1n operadas por aeronaves Embraer 190 con [&hellip;]<\/p>\n","protected":false},"author":1,"featured_media":50418,"comment_status":"closed","ping_status":"open","sticky":false,"template":"","format":"standard","meta":{"rop_custom_images_group":[],"rop_custom_messages_group":[],"rop_publish_now":"initial","rop_publish_now_accounts":[],"rop_publish_now_history":[],"rop_publish_now_status":"pending","footnotes":""},"categories":[61,66],"tags":[],"class_list":["post-50417","post","type-post","status-publish","format-standard","has-post-thumbnail","hentry","category-economia","category-estilo-de-vida"],"_links":{"self":[{"href":"https:\/\/notiissa.mx\/index.php?rest_route=\/wp\/v2\/posts\/50417","targetHints":{"allow":["GET"]}}],"collection":[{"href":"https:\/\/notiissa.mx\/index.php?rest_route=\/wp\/v2\/posts"}],"about":[{"href":"https:\/\/notiissa.mx\/index.php?rest_route=\/wp\/v2\/types\/post"}],"author":[{"embeddable":true,"href":"https:\/\/notiissa.mx\/index.php?rest_route=\/wp\/v2\/users\/1"}],"replies":[{"embeddable":true,"href":"https:\/\/notiissa.mx\/index.php?rest_route=%2Fwp%2Fv2%2Fcomments&post=50417"}],"version-history":[{"count":1,"href":"https:\/\/notiissa.mx\/index.php?rest_route=\/wp\/v2\/posts\/50417\/revisions"}],"predecessor-version":[{"id":50419,"href":"https:\/\/notiissa.mx\/index.php?rest_route=\/wp\/v2\/posts\/50417\/revisions\/50419"}],"wp:featuredmedia":[{"embeddable":true,"href":"https:\/\/notiissa.mx\/index.php?rest_route=\/wp\/v2\/media\/50418"}],"wp:attachment":[{"href":"https:\/\/notiissa.mx\/index.php?rest_route=%2Fwp%2Fv2%2Fmedia&parent=50417"}],"wp:term":[{"taxonomy":"category","embeddable":true,"href":"https:\/\/notiissa.mx\/index.php?rest_route=%2Fwp%2Fv2%2Fcategories&post=50417"},{"taxonomy":"post_tag","embeddable":true,"href":"https:\/\/notiissa.mx\/index.php?rest_route=%2Fwp%2Fv2%2Ftags&post=50417"}],"curies":[{"name":"wp","href":"https:\/\/api.w.org\/{rel}","templated":true}]}}