{"id":49978,"date":"2022-09-07T15:52:39","date_gmt":"2022-09-07T15:52:39","guid":{"rendered":"https:\/\/notiissa.mx\/?p=49978"},"modified":"2022-09-07T15:52:40","modified_gmt":"2022-09-07T15:52:40","slug":"cancun-recibira-en-invierno-un-25-mas-de-sillas-que-en-su-record","status":"publish","type":"post","link":"https:\/\/notiissa.mx\/?p=49978","title":{"rendered":"Canc\u00fan recibir\u00e1 en invierno un 25% m\u00e1s de sillas que en su r\u00e9cord"},"content":{"rendered":"\n<p>Al cierre de la temporada de verano 2022, durante los meses de julio y agosto, Quintana Roo tuvo un incremento del 20% en afluencia tur\u00edstica en comparaci\u00f3n con el mismo periodo de 2019, lo que se traduce en 3 millones 757 mil 775 turistas en todos los destinos de la entidad, superando las expectativas en un 5.3%.<\/p>\n\n\n\n<p>As\u00ed lo dieron a conocer en conferencia de prensa, Bernardo Cueto Riestra, secretario de Turismo de Quintana Roo, y Dar\u00edo Flota Ocampo, director general del Consejo de Promoci\u00f3n Tur\u00edstica de esta entidad.<\/p>\n\n\n\n<p>Agreg\u00f3 Cueto Riestra que, en materia de derrama econ\u00f3mica, en verano de este a\u00f1o Quintana Roo capt\u00f3 3.567,69 millones de d\u00f3lares, mientras que en verano de 2019 la cifra fue de 2.967 millones de d\u00f3lares, lo que significa un incremento de 20.2%.<\/p>\n\n\n\n<p>Estos esfuerzos se han visto reflejados en diferentes \u00e1mbitos de la actividad tur\u00edstica, por ejemplo, en t\u00e9rminos de conectividad los aeropuertos de esta entidad se encuentran conectados con 123 ciudades a nivel nacional e internacional. Durante la temporada de verano de 2022 el principal mercado del destino, el estadounidense, tuvo un incremento del 30%, mientras que el mercado latinoamericano l\u00edder fue el colombiano, que registr\u00f3 un incremento del 95%.<\/p>\n\n\n\n<p>En el marco de la conferencia de prensa, se anunci\u00f3 que para la temporada de invierno que ya se aproxima, se contemplan 9.3 millones de asientos de avi\u00f3n distribuidos en 50 mil vuelos de septiembre a febrero, lo que representa 25% m\u00e1s que en el mismo periodo en 2019.<\/p>\n\n\n\n<p>\u201cEl Caribe mexicano contin\u00faa siendo el principal polo tur\u00edstico de M\u00e9xico y de Am\u00e9rica Latina, a la fecha han llegado m\u00e1s de 8,817,000 pasajeros a todos los aeropuertos de Quintana Roo, superando en un 20% la afluencia tur\u00edstica comparado con 2019\u2033 afirm\u00f3 Dar\u00edo Flota, Director General del CPTQ.<\/p>\n\n\n\n<p>Como dijo\u00a0<em>REPORTUR.mx<\/em>, como parte de las acciones para fortalecer la presencia del Caribe Mexicano en Estados Unidos, durante los meses de septiembre y octubre del presente a\u00f1o ser\u00e1 transmitido a trav\u00e9s de la plataforma de \u2018streaming\u2019 de entretenimiento de American Airlines, un video en el que se promocionan todos los destinos de Quintana Roo.<\/p>\n","protected":false},"excerpt":{"rendered":"<p>Al cierre de la temporada de verano 2022, durante los meses de julio y agosto, Quintana Roo tuvo un incremento del 20% en afluencia tur\u00edstica en comparaci\u00f3n con el mismo periodo de 2019, lo que se traduce en 3 millones 757 mil 775 turistas en todos los destinos de la entidad, superando las expectativas en [&hellip;]<\/p>\n","protected":false},"author":1,"featured_media":49979,"comment_status":"closed","ping_status":"open","sticky":false,"template":"","format":"standard","meta":{"rop_custom_images_group":[],"rop_custom_messages_group":[],"rop_publish_now":"initial","rop_publish_now_accounts":[],"rop_publish_now_history":[],"rop_publish_now_status":"pending","footnotes":""},"categories":[61,66],"tags":[],"class_list":["post-49978","post","type-post","status-publish","format-standard","has-post-thumbnail","hentry","category-economia","category-estilo-de-vida"],"_links":{"self":[{"href":"https:\/\/notiissa.mx\/index.php?rest_route=\/wp\/v2\/posts\/49978","targetHints":{"allow":["GET"]}}],"collection":[{"href":"https:\/\/notiissa.mx\/index.php?rest_route=\/wp\/v2\/posts"}],"about":[{"href":"https:\/\/notiissa.mx\/index.php?rest_route=\/wp\/v2\/types\/post"}],"author":[{"embeddable":true,"href":"https:\/\/notiissa.mx\/index.php?rest_route=\/wp\/v2\/users\/1"}],"replies":[{"embeddable":true,"href":"https:\/\/notiissa.mx\/index.php?rest_route=%2Fwp%2Fv2%2Fcomments&post=49978"}],"version-history":[{"count":1,"href":"https:\/\/notiissa.mx\/index.php?rest_route=\/wp\/v2\/posts\/49978\/revisions"}],"predecessor-version":[{"id":49980,"href":"https:\/\/notiissa.mx\/index.php?rest_route=\/wp\/v2\/posts\/49978\/revisions\/49980"}],"wp:featuredmedia":[{"embeddable":true,"href":"https:\/\/notiissa.mx\/index.php?rest_route=\/wp\/v2\/media\/49979"}],"wp:attachment":[{"href":"https:\/\/notiissa.mx\/index.php?rest_route=%2Fwp%2Fv2%2Fmedia&parent=49978"}],"wp:term":[{"taxonomy":"category","embeddable":true,"href":"https:\/\/notiissa.mx\/index.php?rest_route=%2Fwp%2Fv2%2Fcategories&post=49978"},{"taxonomy":"post_tag","embeddable":true,"href":"https:\/\/notiissa.mx\/index.php?rest_route=%2Fwp%2Fv2%2Ftags&post=49978"}],"curies":[{"name":"wp","href":"https:\/\/api.w.org\/{rel}","templated":true}]}}