{"id":47584,"date":"2022-05-07T23:03:42","date_gmt":"2022-05-07T23:03:42","guid":{"rendered":"https:\/\/notiissa.mx\/?p=47584"},"modified":"2022-05-07T23:04:32","modified_gmt":"2022-05-07T23:04:32","slug":"la-prolongacion-del-conflicto-en-ucrania-significaria-la-autodestruccion-economica-de-europa-rumen-radev","status":"publish","type":"post","link":"https:\/\/notiissa.mx\/?p=47584","title":{"rendered":"La prolongaci\u00f3n del conflicto en Ucrania significar\u00eda \u00abla autodestrucci\u00f3n econ\u00f3mica de Europa\u00bb: Radev"},"content":{"rendered":"\n<p>Tambi\u00e9n critic\u00f3 la decisi\u00f3n del Parlamento b\u00falgaro de prestar ayuda militar a Kiev.<\/p>\n\n\n\n<p>El presidente de Bulgaria, Rumen Radev, advirti\u00f3 que eludir las negociaciones, y de esta manera prolongar el conflicto, significar\u00eda \u00abla autodestrucci\u00f3n econ\u00f3mica de Europa\u00bb.<\/p>\n\n\n\n<p>\u00abEsto significa la autodestrucci\u00f3n econ\u00f3mica de Europa y, obviamente, nos dirigimos a esto\u00bb, declar\u00f3.<\/p>\n\n\n\n<p>El mandatario tambi\u00e9n&nbsp;critic\u00f3 la decisi\u00f3n de la Asamblea Nacional de Bulgaria&nbsp;(Parlamento)&nbsp;de prestar ayuda militar a Ucrania. De acuerdo con sus palabras, se trata de un paso peligroso que puede terminar involucrando a&nbsp;Sof\u00eda en el conflicto.<\/p>\n\n\n\n<p>Previamente esta semana, el Parlamento b\u00falgaro aprob\u00f3&nbsp;brindar ayuda militar y humanitaria a Ucrania. En el marco de la asistencia militar, el pa\u00eds no planea suministrar armas a Kiev, sino acord\u00f3 reparar el equipo militar ucraniano.<\/p>\n\n\n\n<p>La semana pasada,&nbsp;Radev dijo que su pa\u00eds no enviar\u00e1 \u00abayuda militar a Ucrania, pues involucrar\u00eda a Bulgaria directamente en el conflicto\u00bb. Indic\u00f3 que \u00ablas apelaciones a la paz y al alto al fuego se est\u00e1n desvaneciendo y est\u00e1n siendo sustituidas por una ret\u00f3rica militar\u00bb.&nbsp;<\/p>\n\n\n\n<p>Asimismo, Radev abord\u00f3 los riesgos econ\u00f3micos para su pa\u00eds. \u00abLa guerra econ\u00f3mica se intensifica\u00bb y al mismo tiempo est\u00e1n aumentando los riesgos para&nbsp;Bulgaria, afirm\u00f3.<\/p>\n\n\n\n<p>RT<\/p>\n","protected":false},"excerpt":{"rendered":"<p>Tambi\u00e9n critic\u00f3 la decisi\u00f3n del Parlamento b\u00falgaro de prestar ayuda militar a Kiev. El presidente de Bulgaria, Rumen Radev, advirti\u00f3 que eludir las negociaciones, y de esta manera prolongar el conflicto, significar\u00eda \u00abla autodestrucci\u00f3n econ\u00f3mica de Europa\u00bb. \u00abEsto significa la autodestrucci\u00f3n econ\u00f3mica de Europa y, obviamente, nos dirigimos a esto\u00bb, declar\u00f3. El mandatario tambi\u00e9n&nbsp;critic\u00f3 la [&hellip;]<\/p>\n","protected":false},"author":1,"featured_media":47585,"comment_status":"closed","ping_status":"open","sticky":false,"template":"","format":"standard","meta":{"rop_custom_images_group":[],"rop_custom_messages_group":[],"rop_publish_now":"initial","rop_publish_now_accounts":[],"rop_publish_now_history":[],"rop_publish_now_status":"pending","footnotes":""},"categories":[60],"tags":[],"class_list":["post-47584","post","type-post","status-publish","format-standard","has-post-thumbnail","hentry","category-sonnoticia"],"_links":{"self":[{"href":"https:\/\/notiissa.mx\/index.php?rest_route=\/wp\/v2\/posts\/47584","targetHints":{"allow":["GET"]}}],"collection":[{"href":"https:\/\/notiissa.mx\/index.php?rest_route=\/wp\/v2\/posts"}],"about":[{"href":"https:\/\/notiissa.mx\/index.php?rest_route=\/wp\/v2\/types\/post"}],"author":[{"embeddable":true,"href":"https:\/\/notiissa.mx\/index.php?rest_route=\/wp\/v2\/users\/1"}],"replies":[{"embeddable":true,"href":"https:\/\/notiissa.mx\/index.php?rest_route=%2Fwp%2Fv2%2Fcomments&post=47584"}],"version-history":[{"count":2,"href":"https:\/\/notiissa.mx\/index.php?rest_route=\/wp\/v2\/posts\/47584\/revisions"}],"predecessor-version":[{"id":47587,"href":"https:\/\/notiissa.mx\/index.php?rest_route=\/wp\/v2\/posts\/47584\/revisions\/47587"}],"wp:featuredmedia":[{"embeddable":true,"href":"https:\/\/notiissa.mx\/index.php?rest_route=\/wp\/v2\/media\/47585"}],"wp:attachment":[{"href":"https:\/\/notiissa.mx\/index.php?rest_route=%2Fwp%2Fv2%2Fmedia&parent=47584"}],"wp:term":[{"taxonomy":"category","embeddable":true,"href":"https:\/\/notiissa.mx\/index.php?rest_route=%2Fwp%2Fv2%2Fcategories&post=47584"},{"taxonomy":"post_tag","embeddable":true,"href":"https:\/\/notiissa.mx\/index.php?rest_route=%2Fwp%2Fv2%2Ftags&post=47584"}],"curies":[{"name":"wp","href":"https:\/\/api.w.org\/{rel}","templated":true}]}}