{"id":47489,"date":"2022-05-02T18:22:03","date_gmt":"2022-05-02T18:22:03","guid":{"rendered":"https:\/\/notiissa.mx\/?p=47489"},"modified":"2022-05-02T18:22:41","modified_gmt":"2022-05-02T18:22:41","slug":"advirte-amlo-a-biden-que-ningun-pais-puede-ser-excluido-de-la-cumbre-de-las-americas","status":"publish","type":"post","link":"https:\/\/notiissa.mx\/?p=47489","title":{"rendered":"Advierte AMLO a Biden que ning\u00fan pa\u00eds puede ser excluido de la Cumbre de las Am\u00e9ricas"},"content":{"rendered":"\n<p>El mandatario mexicano asegur\u00f3 que su hom\u00f3logo estadounidense se comprometi\u00f3 a analizar su propuesta.<\/p>\n\n\n\n<p>El presidente mexicano, Andr\u00e9s Manuel L\u00f3pez Obrador, revel\u00f3&nbsp;este lunes detalles de la conversaci\u00f3n telef\u00f3nica que sostuvo<a rel=\"noreferrer noopener\" href=\"https:\/\/actualidad-rt.com\/actualidad\/428444-lopez-obrador-destacar-cordial-conversacion-biden\" target=\"_blank\"> <\/a>el pasado viernes con el mandatario de EE.UU., Joe Biden, a quien le expuso que ning\u00fan pa\u00eds debe ser excluido de la&nbsp;IX Cumbre de las Am\u00e9ricas, que se realizar\u00e1 del 8 al 10 de junio en la ciudad de Los \u00c1ngeles.<\/p>\n\n\n\n<p>\u00abCon todo respeto le plante\u00e9 al presidente Biden que, si va a haber una Cumbre de las Am\u00e9ricas, <strong>tienen que participar todos, que nadie debe excluir a nadie, y que ya tiene que cambiar la pol\u00edtica<\/strong>\u00ab, asegur\u00f3 L\u00f3pez Obrador durante su conferencia de prensa, al referirse a las declaraciones de Brian A. Nichols, el secretario de Estado adjunto para Asuntos del Hemisferio Occidental, que consider\u00f3 \u00abimprobable\u00bb convocar a Cuba, Nicaragua y Venezuela a la cita continental.<\/p>\n\n\n\n<p>\u00abEn Am\u00e9rica ya no podemos mantener la pol\u00edtica de hace dos siglos. \u00bfC\u00f3mo es que convocamos a una Cumbre de las Am\u00e9ricas pero no invitamos a todos? \u00bfEntonces de d\u00f3nde son los que no est\u00e1n invitados, de qu\u00e9 continente, de qu\u00e9 galaxia, de qu\u00e9 sat\u00e9lite?\u00bb, ironiz\u00f3.<\/p>\n\n\n\n<p>Durante la Cumbre, agreg\u00f3, es importante generar di\u00e1logo, entendimiento, uni\u00f3n y hermandad entre todos los pa\u00edses. \u00abEso es lo que necesitamos, no la confrontaci\u00f3n. [Biden] qued\u00f3 en que lo va a pensar. Ojal\u00e1 se resuelva hacer la invitaci\u00f3n abierta y el que no quiera ir, que no vaya, pero que nadie excluya a nadie\u00bb, insisti\u00f3.<\/p>\n\n\n\n<p>Tambi\u00e9n explic\u00f3 que en EE.UU. hay grupos que se oponen a este acercamiento porque han sacado muchas ventajas pol\u00edticas y econ\u00f3micas de las pol\u00edticas de exclusi\u00f3n.<\/p>\n\n\n\n<p>\u00abPero<strong> basta de medrar con el dolor de la gente, con el sufrimiento de los pueblos<\/strong>\u00ab, se\u00f1al\u00f3 al poner como ejemplo el caso de Cuba, ya que el bloqueo impide que los emigrantes env\u00eden remesas a sus familias que permanecen en la isla.<\/p>\n\n\n\n<h3 class=\"wp-block-heading\">Dignidad<\/h3>\n\n\n\n<p>Para dimensionar el impacto de las transferencias monetarias, record\u00f3 que los migrantes mexicanos que viven en EE.UU. mandan 50.000 millones de d\u00f3lares al a\u00f1o al pa\u00eds.<\/p>\n\n\n\n<p>\u00abEsto no tiene que ver con ideolog\u00edas, partidos o pol\u00edticas, es ayuda a sus familiares. \u00bfPor qu\u00e9 negarles esa posibilidad a los cubanos que tienen sus familias en Cuba? \u00bfPor qu\u00e9 asfixiar?\u00bb, dijo L\u00f3pez Obrador, quien el pr\u00f3ximo fin de semana viajar\u00e1 a Cuba para entrevistarse con el presidente Miguel D\u00edaz-Canel.<\/p>\n\n\n\n<p>En ese sentido, precis\u00f3 que hubiera sido ruin que el bloqueo lograra su prop\u00f3sito de poner a Cuba en contra de su Gobierno, lo que no ocurri\u00f3 gracias a la dignidad de ese pueblo que ha resistido 60 a\u00f1os. \u00abEs como ganar <strong>una batalla inmoral<\/strong>. Esa actuaci\u00f3n produce una mancha que no se quita ni con toda el agua de los oc\u00e9anos\u00bb, dijo.<\/p>\n\n\n\n<p>L\u00f3pez Obrador aclar\u00f3 que la ventaja que tiene su relaci\u00f3n con Biden es que siempre se comunican en pie de igualdad, con respeto. \u00abLo apoyamos cuando \u00e9l decida impulsar su reforma para legalizar a migrantes mexicanos y de otros pa\u00edses hispanos\u00bb, se\u00f1al\u00f3.<\/p>\n\n\n\n<p>Con respecto a la Cumbre de las Am\u00e9ricas, el <strong>Grupo de Puebla<\/strong> tambi\u00e9n emiti\u00f3 un comunicado que coincide con la posici\u00f3n del mandatario mexicano.<\/p>\n\n\n\n<p>\u00abEl Grupo de Puebla invita al Gobierno del presidente Biden a realizar la pr\u00f3xima Cumbre de las Am\u00e9ricas sin excluir a los gobiernos de Venezuela, Cuba y Nicaragua. Al tratarse dentro de los temas centrales de la Cumbre \u2013el manejo de la pospandemia en la regi\u00f3n y el cambio clim\u00e1tico\u2013&nbsp;<strong>no tiene ning\u00fan sentido dejar por fuera estos pa\u00edses que han sufrido, como todos, los costos sociales del impacto depredador del virus del Covid-19<\/strong>\u00ab, afirm\u00f3.<\/p>\n\n\n\n<p>Todos los pa\u00edses latinoamericanos, consider\u00f3, requieren de la cooperaci\u00f3n internacional y el intercambio econ\u00f3mico para poder soportar la factura social y atender la reactivaci\u00f3n econ\u00f3mica derivada de la pandemia, y algunos de ellos, como Cuba, podr\u00edan incluso aportar mucho en nuevas experiencias para la prevenci\u00f3n y erradicaci\u00f3n del virus y sus posibles nuevas variaciones.<\/p>\n\n\n\n<p>El comunicado, que est\u00e1 firmado por los expresidentes de Colombia, Ernesto Samper; Ecuador, Rafael Correa; y Panam\u00e1, Mart\u00edn Torrijos, entre otros pol\u00edticos de la regi\u00f3n, alert\u00f3 que la discriminaci\u00f3n por razones ideol\u00f3gicas afecta las posibilidades de cooperaci\u00f3n regional que se necesitan para superar las crisis que se avecinan.<\/p>\n\n\n\n<p>RT<\/p>\n","protected":false},"excerpt":{"rendered":"<p>El mandatario mexicano asegur\u00f3 que su hom\u00f3logo estadounidense se comprometi\u00f3 a analizar su propuesta. El presidente mexicano, Andr\u00e9s Manuel L\u00f3pez Obrador, revel\u00f3&nbsp;este lunes detalles de la conversaci\u00f3n telef\u00f3nica que sostuvo el pasado viernes con el mandatario de EE.UU., Joe Biden, a quien le expuso que ning\u00fan pa\u00eds debe ser excluido de la&nbsp;IX Cumbre de las [&hellip;]<\/p>\n","protected":false},"author":1,"featured_media":47490,"comment_status":"closed","ping_status":"open","sticky":false,"template":"","format":"standard","meta":{"rop_custom_images_group":[],"rop_custom_messages_group":[],"rop_publish_now":"initial","rop_publish_now_accounts":[],"rop_publish_now_history":[],"rop_publish_now_status":"pending","footnotes":""},"categories":[60],"tags":[],"class_list":["post-47489","post","type-post","status-publish","format-standard","has-post-thumbnail","hentry","category-sonnoticia"],"_links":{"self":[{"href":"https:\/\/notiissa.mx\/index.php?rest_route=\/wp\/v2\/posts\/47489","targetHints":{"allow":["GET"]}}],"collection":[{"href":"https:\/\/notiissa.mx\/index.php?rest_route=\/wp\/v2\/posts"}],"about":[{"href":"https:\/\/notiissa.mx\/index.php?rest_route=\/wp\/v2\/types\/post"}],"author":[{"embeddable":true,"href":"https:\/\/notiissa.mx\/index.php?rest_route=\/wp\/v2\/users\/1"}],"replies":[{"embeddable":true,"href":"https:\/\/notiissa.mx\/index.php?rest_route=%2Fwp%2Fv2%2Fcomments&post=47489"}],"version-history":[{"count":2,"href":"https:\/\/notiissa.mx\/index.php?rest_route=\/wp\/v2\/posts\/47489\/revisions"}],"predecessor-version":[{"id":47492,"href":"https:\/\/notiissa.mx\/index.php?rest_route=\/wp\/v2\/posts\/47489\/revisions\/47492"}],"wp:featuredmedia":[{"embeddable":true,"href":"https:\/\/notiissa.mx\/index.php?rest_route=\/wp\/v2\/media\/47490"}],"wp:attachment":[{"href":"https:\/\/notiissa.mx\/index.php?rest_route=%2Fwp%2Fv2%2Fmedia&parent=47489"}],"wp:term":[{"taxonomy":"category","embeddable":true,"href":"https:\/\/notiissa.mx\/index.php?rest_route=%2Fwp%2Fv2%2Fcategories&post=47489"},{"taxonomy":"post_tag","embeddable":true,"href":"https:\/\/notiissa.mx\/index.php?rest_route=%2Fwp%2Fv2%2Ftags&post=47489"}],"curies":[{"name":"wp","href":"https:\/\/api.w.org\/{rel}","templated":true}]}}