{"id":47421,"date":"2022-04-28T20:02:14","date_gmt":"2022-04-28T20:02:14","guid":{"rendered":"https:\/\/notiissa.mx\/?p=47421"},"modified":"2022-04-28T20:02:15","modified_gmt":"2022-04-28T20:02:15","slug":"onu-el-proceso-contra-lula-no-fue-imparcial-y-se-violaron-sus-derechos-politicos","status":"publish","type":"post","link":"https:\/\/notiissa.mx\/?p=47421","title":{"rendered":"ONU: el proceso contra Lula no fue imparcial y  se violaron sus derechos pol\u00edticos"},"content":{"rendered":"\n<p>Los abogados del l\u00edder de izquierda consideran que se trata de una victoria para \u00abtodos aquellos que creen en la democracia y en el Estado de derecho\u00bb.<\/p>\n\n\n\n<p>El Comit\u00e9 de Derechos Humanos de Naciones Unidas (ONU) concluy\u00f3 que el proceso contra el expresidente Luiz In\u00e1cio Lula de Silva, que fue condenado en 2017 por corrupci\u00f3n, no fue imparcial y se violaron sus derechos pol\u00edticos.<\/p>\n\n\n\n<p>\u00abSi bien los Estados tienen el deber de investigar y enjuiciar los actos de corrupci\u00f3n y mantener informado al p\u00fablico, especialmente en relaci\u00f3n con un exjefe de Estado, tales acciones deben llevarse a cabo de manera justa y respetar las garant\u00edas del debido proceso legal\u00bb, declar\u00f3 Arif Bulk\u00e1n, miembro del comit\u00e9.<\/p>\n\n\n\n<p>En el marco de la operaci\u00f3n &#8216;Lava Jato&#8217;,\u00a0el exjuez Sergio Moro conden\u00f3 a Lula a 12 a\u00f1os y un mes de prisi\u00f3n. El expresidente permaneci\u00f3\u00a0un a\u00f1o y siete meses recluido en un centro penitenciario, hasta que en noviembre de 2019\u00a0<strong>el Supremo declar\u00f3 inconstitucional su\u00a0encarcelamiento<\/strong>\u00a0y se\u00a0le devolvi\u00f3\u00a0su libertad.\u00a0<\/p>\n\n\n\n<p>La comisi\u00f3n de la ONU consider\u00f3 que Moro y los fiscales violaron el derecho de Lula a la<strong> presunci\u00f3n de inocencia<\/strong> y que las \u00abviolaciones procesales\u00bb de la operaci\u00f3n impidieron al l\u00edder del Partido de los Trabajadores (PT) concurrir a las elecciones de 2018.<\/p>\n\n\n\n<p>Adem\u00e1s, durante el proceso judicial, Moro autoriz\u00f3 al fiscal la intervenci\u00f3n del tel\u00e9fono personal del expresidente y su familia. El comit\u00e9 de la ONU concluy\u00f3 que estas grabaciones violaron el derecho de privacidad de Lula.<\/p>\n\n\n\n<p>Lula siempre<strong>\u00a0neg\u00f3 las acusaciones y dijo ser v\u00edctima de una conspiraci\u00f3n<\/strong>\u00a0para impedir que se presentara a aquellos comicios, en los que part\u00eda como\u00a0favorito en las encuestas, y que finalmente gan\u00f3 el ultraderechista Jair Bolsonaro.<\/p>\n\n\n\n<p>En 2019, el portal The Intercept Brasil filtr\u00f3\u00a0unos mensajes\u00a0que revelaron que el exjuez \u2013que despu\u00e9s de convertir\u00eda en ministro de Justicia\u2013 se coordin\u00f3 con los fiscales para encarcelar a Lula.\u00a0<\/p>\n\n\n\n<h3 class=\"wp-block-heading\"><strong>\u00abNo es suficiente\u00bb<\/strong><\/h3>\n\n\n\n<p>En abril de 2021, el&nbsp;ministro del STF, Edson Fachin, anul\u00f3 todas las condenas&nbsp;contra Lula da Silva relacionadas con la Operaci\u00f3n &#8216;Lava Jato&#8217;, con lo que&nbsp;<strong>el exmandatario recuper\u00f3 sus derechos pol\u00edticos<\/strong>&nbsp;y le abri\u00f3 la puerta para participar en los comicios del pr\u00f3ximo 2 de octubre.&nbsp;<\/p>\n\n\n\n<p>Sin embargo, para el comit\u00e9 la anulaci\u00f3n de las condenas del expresidente por parte del Supremo \u00abno son suficientes para reparar el da\u00f1o causado\u00bb.<\/p>\n\n\n\n<p>\u00abAunque el Supremo Tribunal Federal anul\u00f3 la condena estas decisiones no fueron lo suficientemente oportunas y efectivas para prevenir o reparar las violaciones\u00bb, dijo Bulkan. El comit\u00e9 exige a Brasil&nbsp;que garantice el cumplimiento de las garant\u00edas de debido proceso en juicios futuros.<\/p>\n\n\n\n<p>Los abogados de Lula consideraron este jueves que se trata de \u00abuna decisi\u00f3n hist\u00f3rica y una victoria no solo del presidente Lula, pero de todos aquellos que creen en la democracia y en el Estado de derecho\u00bb.\u00a0<\/p>\n\n\n\n<p>Lula se presentar\u00e1 en octubre a las elecciones presidenciales donde se enfrentar\u00e1 a Bolsonaro.\u00a0La \u00faltima\u00a0encuesta\u00a0de las consultoras Genial y\u00a0Quaest sit\u00faa al petista como favorito con un 46 % de las preferencias,\u00a0<strong>15 puntos porcentuales por encima del presidente<\/strong>, que obtuvo el 31 %.\u00a0<\/p>\n\n\n\n<p>Rt<\/p>\n","protected":false},"excerpt":{"rendered":"<p>Los abogados del l\u00edder de izquierda consideran que se trata de una victoria para \u00abtodos aquellos que creen en la democracia y en el Estado de derecho\u00bb. El Comit\u00e9 de Derechos Humanos de Naciones Unidas (ONU) concluy\u00f3 que el proceso contra el expresidente Luiz In\u00e1cio Lula de Silva, que fue condenado en 2017 por corrupci\u00f3n, [&hellip;]<\/p>\n","protected":false},"author":1,"featured_media":47422,"comment_status":"closed","ping_status":"open","sticky":false,"template":"","format":"standard","meta":{"rop_custom_images_group":[],"rop_custom_messages_group":[],"rop_publish_now":"initial","rop_publish_now_accounts":[],"rop_publish_now_history":[],"rop_publish_now_status":"pending","footnotes":""},"categories":[60],"tags":[23],"class_list":["post-47421","post","type-post","status-publish","format-standard","has-post-thumbnail","hentry","category-sonnoticia","tag-destacado"],"_links":{"self":[{"href":"https:\/\/notiissa.mx\/index.php?rest_route=\/wp\/v2\/posts\/47421","targetHints":{"allow":["GET"]}}],"collection":[{"href":"https:\/\/notiissa.mx\/index.php?rest_route=\/wp\/v2\/posts"}],"about":[{"href":"https:\/\/notiissa.mx\/index.php?rest_route=\/wp\/v2\/types\/post"}],"author":[{"embeddable":true,"href":"https:\/\/notiissa.mx\/index.php?rest_route=\/wp\/v2\/users\/1"}],"replies":[{"embeddable":true,"href":"https:\/\/notiissa.mx\/index.php?rest_route=%2Fwp%2Fv2%2Fcomments&post=47421"}],"version-history":[{"count":1,"href":"https:\/\/notiissa.mx\/index.php?rest_route=\/wp\/v2\/posts\/47421\/revisions"}],"predecessor-version":[{"id":47423,"href":"https:\/\/notiissa.mx\/index.php?rest_route=\/wp\/v2\/posts\/47421\/revisions\/47423"}],"wp:featuredmedia":[{"embeddable":true,"href":"https:\/\/notiissa.mx\/index.php?rest_route=\/wp\/v2\/media\/47422"}],"wp:attachment":[{"href":"https:\/\/notiissa.mx\/index.php?rest_route=%2Fwp%2Fv2%2Fmedia&parent=47421"}],"wp:term":[{"taxonomy":"category","embeddable":true,"href":"https:\/\/notiissa.mx\/index.php?rest_route=%2Fwp%2Fv2%2Fcategories&post=47421"},{"taxonomy":"post_tag","embeddable":true,"href":"https:\/\/notiissa.mx\/index.php?rest_route=%2Fwp%2Fv2%2Ftags&post=47421"}],"curies":[{"name":"wp","href":"https:\/\/api.w.org\/{rel}","templated":true}]}}