{"id":4727,"date":"2015-08-19T23:02:05","date_gmt":"2015-08-19T23:02:05","guid":{"rendered":"http:\/\/notiissa.mx\/?p=4727"},"modified":"2015-08-19T23:02:05","modified_gmt":"2015-08-19T23:02:05","slug":"rinde-fich-gran-homenaje-al-pintor-oscar-soto","status":"publish","type":"post","link":"https:\/\/notiissa.mx\/?p=4727","title":{"rendered":"Rinde FICH gran homenaje al pintor \u00d3scar Soto"},"content":{"rendered":"<p style=\"text-align: justify;\">Chihuahua- Dentro de los reconocimientos a sus creadores en todas las \u00e1reas del arte, el 11\u00ba. Festival Internacional Chihuahua realiz\u00f3 hoy en el Sal\u00f3n 25 de marzo de Palacio de Gobierno un homenaje al pintor \u00d3scar Soto Hermosillo durante el cual fueron reconocidos la trayectoria y el talento del maestro que ha puesto el alto en nombre del estado de Chihuahua dentro y m\u00e1s all\u00e1 de sus fronteras.<br \/>\nOrgulloso del homenaje ofrecido por el FICH 2015, el retratista, cuyos or\u00edgenes se remontan a su ni\u00f1ez en su pueblo natal, La Cruz, donde comenz\u00f3 a desarrollar su talento entre las milpas, la tierra y los arados, siendo a los 15 a\u00f1os cuando surgi\u00f3 su primera oportunidad, expres\u00f3: \u2018\u2018Particip\u00e9 en un concurso a nivel nacional sobre la figura del luchador El Santo y gan\u00e9, el premio fueron 50 pesos y una m\u00e1scara\u2019\u2019.<\/p>\n<p style=\"text-align: justify;\">Franqueando al artista, estuvieron el director del Instituto Chihuahuense de la cultura, Sergio Reaza Esc\u00e1rcega; el presidente municipal de Camargo, municipio invitado del festival, Jes\u00fas Jos\u00e9 S\u00e1enz; el presidente municipal de La Cruz, Pablo Dom\u00ednguez; la directora del Museo Casa Redonda, Tita Delgado; el director del Instituto de Cultural del Municipio, Alberto \u00c1vila Cisneros;<br \/>\nDurante su intervenci\u00f3n, Reaza Esc\u00e1rcega destac\u00f3, \u2018\u2018Es motivo de profunda alegr\u00eda estar aqu\u00ed para reconocer la trayectoria de un gran artista que ha sabido consagrar su vida en pos de nuestro estado, una identidad que ha sabido ser referente nacional permanente, pues artistas como \u00d3scar Soto, cuando se hable de arte en M\u00e9xico ser\u00e1 un referente\u2019\u2019.<\/p>\n<p style=\"text-align: justify;\">La directora del museo Casa Redonda, Tita Delgado calific\u00f3 al homenajeado como, \u2018\u2018Un baluarte de la comunidad, un baluarte para el arte\u2019\u2019.<\/p>\n<p style=\"text-align: justify;\">El director de cultura de Camargo, Pascual Esparza ley\u00f3 una semblanza de su amigo personal, \u2018\u2018Qui\u00e9n dir\u00eda estar\u00eda hoy hablando del amigo, de su obra, aque con el cual hace 53 a\u00f1os me trasladaba todas las ma\u00f1anas a la escuela secundaria\u2019\u2019.<\/p>\n<p style=\"text-align: justify;\">Durante el evento se proyect\u00f3 un video alusivo al artista y acto seguido, las autoridades hicieron le entrega de una placa donde queda asentado para la posteridad el homenaje del que fue objeto el pintor, gracias a su arte, talento y aporte al arte chihuahuense con car\u00e1cter de exportaci\u00f3n.<\/p>\n<p style=\"text-align: justify;\">Datos biogr\u00e1ficos de \u00d3scar Soto Hermosilllo<br \/>\n\u00d3scar Soto naci\u00f3 en el a\u00f1o de 1945 en la Cruz Chihuahua, es egresado de la Escuela de Bellas Artes de la Universidad Aut\u00f3noma de Chihuahua (1965) y desde hace m\u00e1s 40 a\u00f1os, desarrolla el arte de explorar y plasmar en el lienzo la figura humana, con un estilo que se caracteriza por la precisi\u00f3n de sus trazos y gran dominio del dibujo, con una influencia academista del arte cl\u00e1sico renacentista que se manifiesta especialmente en la forma en que combina los colores.<\/p>\n<p style=\"text-align: justify;\">Su trabajo ha sido reconocido dentro y fuera del pa\u00eds sumando en su carrera m\u00e1s de 108 exposiciones tanto individuales como colectivas, destacando las de Sunwest Bank en 1991, a la par con pinturas de Rufino Tamayo y Cuevas, Vicente Rojo, Jes\u00fas Helguera, Rafael y Pedro Coronel, Giranolla y Francisco Z\u00fa\u00f1iga; la realizada en el Hospicio Caba\u00f1as en Guadalajara y en el Hotel Crown Plaza Holiday Inn en Monterrey.<\/p>\n<p style=\"text-align: justify;\">En los cuadros de \u00d3scar, destacan los \u00f3leos sobre cuero: \u2018Adolescente en su H\u00e1bitat\u2019, \u2018Lontananza y Meditaci\u00f3n\u2019; al pastel, \u2018Monocrom\u00eda\u2019, \u2018Simona\u2019, \u2018Inspiraci\u00f3n Musical\u2019, \u2018Joven Tarahumara\u2019, \u2018Corima\u2019, \u2018Sepia\u2019, \u2018Ilusi\u00f3n\u2019, \u2018Por All\u00e1, Alegr\u00eda de Vivir\u2019, \u2018Mediod\u00eda\u2019 y acuarelas como \u2018Calle Principal de Santa Eulalia\u2019, \u2018Un Siglo Ya\u2019, y \u2018Con el Siglo\u2019.<\/p>\n<p style=\"text-align: justify;\">As\u00ed tambi\u00e9n retratos ha pintado los retratos de algunos ex gobernadores de Chihuahua, ex presidentes de la Rep\u00fablica y de Estados Unidos, sus obras engalanan los pasillos de la rector\u00eda de la Universidad Aut\u00f3noma de Chihuahua del Congreso de Estado.<\/p>\n<p style=\"text-align: justify;\">Es destacable el trabajo de restauraci\u00f3n que realiz\u00f3 en el 2009 a los murales \u2018Fundaci\u00f3n de M\u00e9xico\u2019,\u2019 Tianguis o Mercado Indio\u2019, \u2018Imperio de Moctezuma Xocoyotxzin\u2019, \u2018La Conquista, Inquisici\u00f3n e Independencia\u2019, \u2018La Invasi\u00f3n extranjera- Reforma\u2019, \u2018\u00c9poca Porfiriana y Revoluci\u00f3n de 1910\u2019 del Paraninfo Universitario (Hoy Poliforum Cultural Universitario) que fueron pintados a finales de la d\u00e9cada de los 30 por el maestro chihuahuense Leandro Carre\u00f3n.<br \/>\nHace 40 a\u00f1os, \u00d3scar Soto pint\u00f3 su primer mural en la C\u00e1mara de Comercio de la Ciudad de Chihuahua, posteriormente fue invitado a trabajar en un mural en la ciudad de Delicias en el cual destaca los or\u00edgenes y el florecimiento de aquella zona.<\/p>\n<p style=\"text-align: justify;\">Sus obras tambi\u00e9n se pueden apreciar en el Hospital General, Dr. Salvador Zubir\u00e1n, en el Palacio de Gobierno, adem\u00e1s es el autor de las decenas de los retratos de gobernadores expuestos permanentemente en el sal\u00f3n dedicado a ellos.<\/p>\n","protected":false},"excerpt":{"rendered":"<p>Chihuahua- Dentro de los reconocimientos a sus creadores en todas las \u00e1reas del arte, el 11\u00ba. Festival Internacional Chihuahua realiz\u00f3 hoy en el Sal\u00f3n 25 de marzo de Palacio de Gobierno un homenaje al pintor \u00d3scar Soto Hermosillo durante el cual fueron reconocidos la trayectoria y el talento del maestro que ha puesto el alto [&hellip;]<\/p>\n","protected":false},"author":1,"featured_media":4728,"comment_status":"open","ping_status":"open","sticky":false,"template":"","format":"standard","meta":{"rop_custom_images_group":[],"rop_custom_messages_group":[],"rop_publish_now":"initial","rop_publish_now_accounts":[],"rop_publish_now_history":[],"rop_publish_now_status":"pending","footnotes":""},"categories":[62],"tags":[23],"class_list":["post-4727","post","type-post","status-publish","format-standard","has-post-thumbnail","hentry","category-cultura","tag-destacado"],"_links":{"self":[{"href":"https:\/\/notiissa.mx\/index.php?rest_route=\/wp\/v2\/posts\/4727","targetHints":{"allow":["GET"]}}],"collection":[{"href":"https:\/\/notiissa.mx\/index.php?rest_route=\/wp\/v2\/posts"}],"about":[{"href":"https:\/\/notiissa.mx\/index.php?rest_route=\/wp\/v2\/types\/post"}],"author":[{"embeddable":true,"href":"https:\/\/notiissa.mx\/index.php?rest_route=\/wp\/v2\/users\/1"}],"replies":[{"embeddable":true,"href":"https:\/\/notiissa.mx\/index.php?rest_route=%2Fwp%2Fv2%2Fcomments&post=4727"}],"version-history":[{"count":1,"href":"https:\/\/notiissa.mx\/index.php?rest_route=\/wp\/v2\/posts\/4727\/revisions"}],"predecessor-version":[{"id":4729,"href":"https:\/\/notiissa.mx\/index.php?rest_route=\/wp\/v2\/posts\/4727\/revisions\/4729"}],"wp:featuredmedia":[{"embeddable":true,"href":"https:\/\/notiissa.mx\/index.php?rest_route=\/wp\/v2\/media\/4728"}],"wp:attachment":[{"href":"https:\/\/notiissa.mx\/index.php?rest_route=%2Fwp%2Fv2%2Fmedia&parent=4727"}],"wp:term":[{"taxonomy":"category","embeddable":true,"href":"https:\/\/notiissa.mx\/index.php?rest_route=%2Fwp%2Fv2%2Fcategories&post=4727"},{"taxonomy":"post_tag","embeddable":true,"href":"https:\/\/notiissa.mx\/index.php?rest_route=%2Fwp%2Fv2%2Ftags&post=4727"}],"curies":[{"name":"wp","href":"https:\/\/api.w.org\/{rel}","templated":true}]}}