{"id":47078,"date":"2022-04-11T21:44:57","date_gmt":"2022-04-11T21:44:57","guid":{"rendered":"https:\/\/notiissa.mx\/?p=47078"},"modified":"2022-04-11T21:45:36","modified_gmt":"2022-04-11T21:45:36","slug":"solicita-diputado-se-legisle-la-discapacidad-por-asociacion","status":"publish","type":"post","link":"https:\/\/notiissa.mx\/?p=47078","title":{"rendered":"Solicita diputado se legisle la Discapacidad por asociaci\u00f3n"},"content":{"rendered":"\n<p>\u00abEs indispensable reconocer y agradecer la labor de las personas cuidadoras\u00bb: Sa\u00fal Mireles.<\/p>\n\n\n\n<p>Chihuahua.- el diputado Sa\u00fal Mireles propone que se legisle la figura de la persona cuidadora, para sensibilizar y visibilizar la importancia de su noble labor que se ve reflejada en las vidas de las personas que se benefician con este trabajo desinteresado.<\/p>\n\n\n\n<p>\u00abEs indispensable reconocer y agradecer la labor de las personas cuidadoras, ya que es gracias a su entrega que algunas personas con discapacidad cuentan con un trato digno y humano, dejando de lado incluso su vida personal con el \u00fanico prop\u00f3sito de servir\u00bb expres\u00f3 el legislador Mireles.<\/p>\n\n\n\n<p>A lo largo de la historia se han realizado luchas para romper las barreras a las que se enfrentan las personas con discapacidad y es necesario resaltar que gran parte de esta lucha ha sido impulsada por las personas cuidadoras, es por eso que se pretende la creaci\u00f3n de la figura de discapacidad por asociaci\u00f3n, es un concepto creado recientemente, en donde se prev\u00e9 aglutinar los cuidados, el apoyo y el amor que se genera entre la persona cuidadora y la persona con discapacidad.<\/p>\n\n\n\n<p>Se sabe que entre ambas partes se genera un v\u00ednculo inquebrantable, independientemente si les une un parentesco o no, siempre les unir\u00e1 el amor a la humanidad, al pr\u00f3jimo y el amor hacia quien m\u00e1s lo necesita; si bien su labor es complicada por todo lo que conlleva, no les impide poder ofrecer lo mejor de s\u00ed. Por ello es indispensable brindar los apoyos necesarios a las personas cuidadoras.<\/p>\n","protected":false},"excerpt":{"rendered":"<p>\u00abEs indispensable reconocer y agradecer la labor de las personas cuidadoras\u00bb: Sa\u00fal Mireles. Chihuahua.- el diputado Sa\u00fal Mireles propone que se legisle la figura de la persona cuidadora, para sensibilizar y visibilizar la importancia de su noble labor que se ve reflejada en las vidas de las personas que se benefician con este trabajo desinteresado. [&hellip;]<\/p>\n","protected":false},"author":1,"featured_media":47079,"comment_status":"closed","ping_status":"open","sticky":false,"template":"","format":"standard","meta":{"rop_custom_images_group":[],"rop_custom_messages_group":[],"rop_publish_now":"initial","rop_publish_now_accounts":[],"rop_publish_now_history":[],"rop_publish_now_status":"pending","footnotes":""},"categories":[67,72],"tags":[],"class_list":["post-47078","post","type-post","status-publish","format-standard","has-post-thumbnail","hentry","category-ciudad","category-estado"],"_links":{"self":[{"href":"https:\/\/notiissa.mx\/index.php?rest_route=\/wp\/v2\/posts\/47078","targetHints":{"allow":["GET"]}}],"collection":[{"href":"https:\/\/notiissa.mx\/index.php?rest_route=\/wp\/v2\/posts"}],"about":[{"href":"https:\/\/notiissa.mx\/index.php?rest_route=\/wp\/v2\/types\/post"}],"author":[{"embeddable":true,"href":"https:\/\/notiissa.mx\/index.php?rest_route=\/wp\/v2\/users\/1"}],"replies":[{"embeddable":true,"href":"https:\/\/notiissa.mx\/index.php?rest_route=%2Fwp%2Fv2%2Fcomments&post=47078"}],"version-history":[{"count":1,"href":"https:\/\/notiissa.mx\/index.php?rest_route=\/wp\/v2\/posts\/47078\/revisions"}],"predecessor-version":[{"id":47080,"href":"https:\/\/notiissa.mx\/index.php?rest_route=\/wp\/v2\/posts\/47078\/revisions\/47080"}],"wp:featuredmedia":[{"embeddable":true,"href":"https:\/\/notiissa.mx\/index.php?rest_route=\/wp\/v2\/media\/47079"}],"wp:attachment":[{"href":"https:\/\/notiissa.mx\/index.php?rest_route=%2Fwp%2Fv2%2Fmedia&parent=47078"}],"wp:term":[{"taxonomy":"category","embeddable":true,"href":"https:\/\/notiissa.mx\/index.php?rest_route=%2Fwp%2Fv2%2Fcategories&post=47078"},{"taxonomy":"post_tag","embeddable":true,"href":"https:\/\/notiissa.mx\/index.php?rest_route=%2Fwp%2Fv2%2Ftags&post=47078"}],"curies":[{"name":"wp","href":"https:\/\/api.w.org\/{rel}","templated":true}]}}