{"id":4690,"date":"2015-08-19T03:26:22","date_gmt":"2015-08-19T03:26:22","guid":{"rendered":"http:\/\/notiissa.mx\/?p=4690"},"modified":"2015-08-19T03:26:22","modified_gmt":"2015-08-19T03:26:22","slug":"crema-de-afeitar-natural-de-aceite-de-coco","status":"publish","type":"post","link":"https:\/\/notiissa.mx\/?p=4690","title":{"rendered":"Crema de afeitar natural de aceite de coco"},"content":{"rendered":"<div class=\"article-sub\">\n<p style=\"text-align: justify;\"><label class=\"article-date\"> <\/label>\u00bfQuieres afeitarte o depilarte y prefieres algo natural? Pues entonces no tienes m\u00e1s que conocer esta crema natural hecha con aceite de coco. Genial, perfecta para la piel y muy \u00fatil. \u00a1Desc\u00fabrela!<\/p>\n<p style=\"text-align: justify;\">Al afeitar tu rostro o cualquier parte del cuerpo es com\u00fan que te lastimes y sufrir irritaci\u00f3n, y a veces los productos industriales cargados de qu\u00edmicos, perfumes y colorantes no son la mejor compa\u00f1\u00eda. Esta <strong>crema de afeitar natural de aceite de coco <\/strong>es ideal para pieles sensibles y secas.<\/p>\n<h2 class=\"article__h2\">C\u00f3mo debes preparar la crema de afeitar<\/h2>\n<p style=\"text-align: justify;\"><strong>Ingredientes<\/strong><\/p>\n<ul>\n<li>5 cucharadas de manteca de karit\u00e9<\/li>\n<li>5 cucharadas de aceite de coco<\/li>\n<li>3 cucharadas de aceite de oliva<\/li>\n<li>10 gotas de aceite esencial de almendras (opcional)<\/li>\n<\/ul>\n<p style=\"text-align: justify;\"><strong>Preparaci\u00f3n y conservaci\u00f3n<\/strong><\/p>\n<ul>\n<li><strong>Derrite a ba\u00f1o mar\u00eda la manteca de karit\u00e9<\/strong> y el aceite de coco hasta que se fusionen completamente. Retira del fuego y agrega el aceite de oliva y opcionalmente el aceite esencial de almendras (puede ser de lavanda, manzanilla u otro aceite beneficioso).<\/li>\n<li><strong>Revuelve para mezclar los ingredientes agregados<\/strong>. Guarda la mezcla en la nevera hasta que se endurezca.<\/li>\n<li>Una vez est\u00e9 listo, prep\u00e1rate para batir, <strong>puedes usar una batidora de mano o una el\u00e9ctrica<\/strong>. Dependiendo de lo fr\u00edo que est\u00e9 el batido puede tardar uno 5 minutos o m\u00e1s. La consistencia buscada es similar a la de la crema de afeitar convencional.<\/li>\n<li><strong>Una vez lista guarda la crema en un recipiente herm\u00e9tico.<\/strong> Dado que esta receta no tiene conservantes es perecedera, pero no te preocupes, dura hasta mes si est\u00e1 bien conservada, esto es en un lugar fresco, seco y siempre evitando que entre agua en la crema, cosa que puede ser algo dif\u00edcil, pero con los recaudos necesarios podr\u00e1s evitarlo.<\/li>\n<li>Fuente:Innatia<\/li>\n<\/ul>\n<\/div>\n","protected":false},"excerpt":{"rendered":"<p>\u00bfQuieres afeitarte o depilarte y prefieres algo natural? Pues entonces no tienes m\u00e1s que conocer esta crema natural hecha con aceite de coco. Genial, perfecta para la piel y muy \u00fatil. \u00a1Desc\u00fabrela! Al afeitar tu rostro o cualquier parte del cuerpo es com\u00fan que te lastimes y sufrir irritaci\u00f3n, y a veces los productos industriales [&hellip;]<\/p>\n","protected":false},"author":1,"featured_media":4691,"comment_status":"open","ping_status":"open","sticky":false,"template":"","format":"standard","meta":{"rop_custom_images_group":[],"rop_custom_messages_group":[],"rop_publish_now":"initial","rop_publish_now_accounts":[],"rop_publish_now_history":[],"rop_publish_now_status":"pending","footnotes":""},"categories":[66],"tags":[23],"class_list":["post-4690","post","type-post","status-publish","format-standard","has-post-thumbnail","hentry","category-estilo-de-vida","tag-destacado"],"_links":{"self":[{"href":"https:\/\/notiissa.mx\/index.php?rest_route=\/wp\/v2\/posts\/4690","targetHints":{"allow":["GET"]}}],"collection":[{"href":"https:\/\/notiissa.mx\/index.php?rest_route=\/wp\/v2\/posts"}],"about":[{"href":"https:\/\/notiissa.mx\/index.php?rest_route=\/wp\/v2\/types\/post"}],"author":[{"embeddable":true,"href":"https:\/\/notiissa.mx\/index.php?rest_route=\/wp\/v2\/users\/1"}],"replies":[{"embeddable":true,"href":"https:\/\/notiissa.mx\/index.php?rest_route=%2Fwp%2Fv2%2Fcomments&post=4690"}],"version-history":[{"count":1,"href":"https:\/\/notiissa.mx\/index.php?rest_route=\/wp\/v2\/posts\/4690\/revisions"}],"predecessor-version":[{"id":4692,"href":"https:\/\/notiissa.mx\/index.php?rest_route=\/wp\/v2\/posts\/4690\/revisions\/4692"}],"wp:featuredmedia":[{"embeddable":true,"href":"https:\/\/notiissa.mx\/index.php?rest_route=\/wp\/v2\/media\/4691"}],"wp:attachment":[{"href":"https:\/\/notiissa.mx\/index.php?rest_route=%2Fwp%2Fv2%2Fmedia&parent=4690"}],"wp:term":[{"taxonomy":"category","embeddable":true,"href":"https:\/\/notiissa.mx\/index.php?rest_route=%2Fwp%2Fv2%2Fcategories&post=4690"},{"taxonomy":"post_tag","embeddable":true,"href":"https:\/\/notiissa.mx\/index.php?rest_route=%2Fwp%2Fv2%2Ftags&post=4690"}],"curies":[{"name":"wp","href":"https:\/\/api.w.org\/{rel}","templated":true}]}}