{"id":46893,"date":"2022-04-05T20:28:50","date_gmt":"2022-04-05T20:28:50","guid":{"rendered":"https:\/\/notiissa.mx\/?p=46893"},"modified":"2022-04-05T20:28:51","modified_gmt":"2022-04-05T20:28:51","slug":"anuncian-nombramientos-en-sectores-y-organizaciones-en-el-pri","status":"publish","type":"post","link":"https:\/\/notiissa.mx\/?p=46893","title":{"rendered":"Anuncian nombramientos en Sectores y organizaciones en el PRI"},"content":{"rendered":"\n<p><strong>Aldonza Gonz\u00e1lez al ONMPRI, Dip. Edgar Pi\u00f1\u00f3n a la CNOP y M\u00f3nica Mel\u00e9ndez al PRI.MX<\/strong><\/p>\n\n\n\n<p><strong>El PRI no ser\u00e1 objeto de chantajes ni presiones por la Reforma El\u00e9ctrica del Presidente de la Rep\u00fablica: Alejandro Dom\u00ednguez<\/strong><\/p>\n\n\n\n<p>El d\u00eda de hoy, el presidente del Partido Revolucionario Institucional (PRI) C\u00e9sar Alejandro Dom\u00ednguez Dom\u00ednguez, dio a conocer los nombramientos de los nuevos dirigentes del sector de la Confederaci\u00f3n Nacional de Organismos Populares (CNOP) en d\u00f3nde qued\u00f3 a cargo del diputado local Edgar Pi\u00f1\u00f3n, en el Organismo Nacional de Mujeres Pri\u00edstas (ONMPRI) fue nombrada Aldonza Gonz\u00e1lez Y en el organismo del PRI.MX qued\u00f3 a cargo de M\u00f3nica Mel\u00e9ndez.<\/p>\n\n\n\n<p>El l\u00edder de los pri\u00edstas, mencion\u00f3 que estos nombramientos se dan, luego de que algunas dirigencias de sectores y organizaciones pertenecientes al partido, se encuentran vencidas y otras tienen invitaciones adicionales para integrarse en tareas espec\u00edficas a nivel nacional, tal es el caso del Ing. Mart\u00edn Antonio Valdivia Gonz\u00e1lez que hasta el d\u00eda de hoy ocupaba el cargo de dirigente de la CNOP, mismo que ha sido invitado por la Sociedad Mexicana de Ingenieros a nivel nacional, para ocupar el cargo de Vicepresidente Nacional de esta agrupaci\u00f3n.<\/p>\n\n\n\n<p>En el caso de M\u00f3nica Mel\u00e9ndez, quien era la dirigente del ONMPRI, ha sido invitada a formar parte del PRI.MX, organismo encargado de realizar estrategias digitales en el cual se pretende obtener una comunicaci\u00f3n de una manera m\u00e1s fuerte y decidida en el mensaje de mercadotecnia a la comunidad de dichas redes sociales.<\/p>\n\n\n\n<p>En otro tema, Alejandro Dom\u00ednguez se\u00f1al\u00f3 que el PRI no va hacer objeto de chantajes, ni de presiones sobre la Reforma El\u00e9ctrica enviada por el Presidente de la Rep\u00fablica, el partido a nivel nacional, el presidente Alejandro Moreno C\u00e1rdenas ha formulado una propuesta para dicha reforma en d\u00f3nde tiene que ver una real fortaleza a la Comisi\u00f3n Federal de Electricidad (CFE) en d\u00f3nde se garantice el acceso a la energ\u00eda el\u00e9ctrica a un costo m\u00e1s bajo posible, adem\u00e1s en donde se abra la oportunidad para que negocios&nbsp; y empresas peque\u00f1as, puedan acceder al mercado el\u00e9ctrico y sus beneficios, costos m\u00e1s bajos de energ\u00eda limpia, tambi\u00e9n la propuesta del PRI va en el sentido de que se fomente la inclusi\u00f3n del uso de energ\u00edas renovables, que se perfeccione el otorgamiento de permisos para dar seguridad jur\u00eddica a los proyectos que tengan que ver en este tema.<\/p>\n\n\n\n<p>A los nombramientos de sectores y organizaciones que fueron renovados y dados a conocer por parte del dirigente del PRI Estatal C\u00e9sar Alejandro Dom\u00ednguez Dom\u00ednguez, estuvo acompa\u00f1ado de la secretaria general Kenya Cristina Dur\u00e1n Gonz\u00e1lez, Aldonza Gonz\u00e1lez, Dip. Edgar Pi\u00f1\u00f3n Dom\u00ednguez, Mart\u00edn Antonio Valdivia, los presidentes de los comit\u00e9s municipales de la capital y Cd. Ju\u00e1rez, Ricardo Santana y Jaime Cano, adem\u00e1s M\u00f3nica Mel\u00e9ndez, quien estuvo presente v\u00eda zoom.<\/p>\n","protected":false},"excerpt":{"rendered":"<p>Aldonza Gonz\u00e1lez al ONMPRI, Dip. Edgar Pi\u00f1\u00f3n a la CNOP y M\u00f3nica Mel\u00e9ndez al PRI.MX El PRI no ser\u00e1 objeto de chantajes ni presiones por la Reforma El\u00e9ctrica del Presidente de la Rep\u00fablica: Alejandro Dom\u00ednguez El d\u00eda de hoy, el presidente del Partido Revolucionario Institucional (PRI) C\u00e9sar Alejandro Dom\u00ednguez Dom\u00ednguez, dio a conocer los nombramientos [&hellip;]<\/p>\n","protected":false},"author":1,"featured_media":46894,"comment_status":"closed","ping_status":"open","sticky":false,"template":"","format":"standard","meta":{"rop_custom_images_group":[],"rop_custom_messages_group":[],"rop_publish_now":"initial","rop_publish_now_accounts":[],"rop_publish_now_history":[],"rop_publish_now_status":"pending","footnotes":""},"categories":[67,72],"tags":[23],"class_list":["post-46893","post","type-post","status-publish","format-standard","has-post-thumbnail","hentry","category-ciudad","category-estado","tag-destacado"],"_links":{"self":[{"href":"https:\/\/notiissa.mx\/index.php?rest_route=\/wp\/v2\/posts\/46893","targetHints":{"allow":["GET"]}}],"collection":[{"href":"https:\/\/notiissa.mx\/index.php?rest_route=\/wp\/v2\/posts"}],"about":[{"href":"https:\/\/notiissa.mx\/index.php?rest_route=\/wp\/v2\/types\/post"}],"author":[{"embeddable":true,"href":"https:\/\/notiissa.mx\/index.php?rest_route=\/wp\/v2\/users\/1"}],"replies":[{"embeddable":true,"href":"https:\/\/notiissa.mx\/index.php?rest_route=%2Fwp%2Fv2%2Fcomments&post=46893"}],"version-history":[{"count":1,"href":"https:\/\/notiissa.mx\/index.php?rest_route=\/wp\/v2\/posts\/46893\/revisions"}],"predecessor-version":[{"id":46895,"href":"https:\/\/notiissa.mx\/index.php?rest_route=\/wp\/v2\/posts\/46893\/revisions\/46895"}],"wp:featuredmedia":[{"embeddable":true,"href":"https:\/\/notiissa.mx\/index.php?rest_route=\/wp\/v2\/media\/46894"}],"wp:attachment":[{"href":"https:\/\/notiissa.mx\/index.php?rest_route=%2Fwp%2Fv2%2Fmedia&parent=46893"}],"wp:term":[{"taxonomy":"category","embeddable":true,"href":"https:\/\/notiissa.mx\/index.php?rest_route=%2Fwp%2Fv2%2Fcategories&post=46893"},{"taxonomy":"post_tag","embeddable":true,"href":"https:\/\/notiissa.mx\/index.php?rest_route=%2Fwp%2Fv2%2Ftags&post=46893"}],"curies":[{"name":"wp","href":"https:\/\/api.w.org\/{rel}","templated":true}]}}