{"id":46553,"date":"2022-03-20T21:48:40","date_gmt":"2022-03-20T21:48:40","guid":{"rendered":"https:\/\/notiissa.mx\/?p=46553"},"modified":"2022-03-20T21:48:41","modified_gmt":"2022-03-20T21:48:41","slug":"privacidad-es-poder-un-libro-sobre-la-importancia-de-la-proteccion-de-datos","status":"publish","type":"post","link":"https:\/\/notiissa.mx\/?p=46553","title":{"rendered":"&#8216;Privacidad es poder&#8217;, un libro sobre la importancia de la protecci\u00f3n de datos"},"content":{"rendered":"\n<p>Carissa V\u00e9liz presenta un manual para no ceder toda tu informaci\u00f3n a las tecnolog\u00edas y gobiernos y c\u00f3mo mejorar tu privacidad.<\/p>\n\n\n\n<p>\u00bfC\u00f3mo guardar tu <strong>privacidad<\/strong> de tus datos y no darle el poder a las empresas y los gobiernos? \u00bfC\u00f3mo obtienen tus datos personales?<strong> Carissa V\u00e9liz<\/strong> hace una investigaci\u00f3n sobre el problema de la privacidad y poder en la era digital.<\/p>\n\n\n\n<p>Sin nuestro permiso, las empresas tecnol\u00f3gicas obtienen tus gustos, tus aficiones, tus h\u00e1bitos, tus relaciones, tus miedos, tus asuntos m\u00e9dicos. Nuestros tel\u00e9fonos, televisores a\u00fan incluso lavadoras son esp\u00edas de nosotros y lo comparten entre ellos. \u00bfPara que los quieren? Para <strong>mercantilizar.<\/strong> Venden el poder de influir en nosotros y decidir por nosotros, ampliando sus redes a trav\u00e9s de los contactos.<\/p>\n\n\n\n<p>Recuperar la privacidad es la \u00fanica manera de que podemos asumir de nuevo el mando de nuestra vida y<br>sociedad. La privacidad es tan colectiva como personal, y es hora de retomar el control.<\/p>\n\n\n\n<p><strong><em>Privacidad es poder<\/em> <\/strong>(Debate), es un manual para no ceder toda tu informaci\u00f3n a las tecnolog\u00edas y gobiernos y c\u00f3mo mejorar tu privacidad.<\/p>\n\n\n\n<p>AN \/ HG<\/p>\n\n\n\n<p><\/p>\n\n\n\n<p><\/p>\n\n\n\n<p><\/p>\n\n\n\n<p><\/p>\n\n\n\n<p><\/p>\n\n\n\n<p><\/p>\n\n\n\n<p><\/p>\n","protected":false},"excerpt":{"rendered":"<p>Carissa V\u00e9liz presenta un manual para no ceder toda tu informaci\u00f3n a las tecnolog\u00edas y gobiernos y c\u00f3mo mejorar tu privacidad. \u00bfC\u00f3mo guardar tu privacidad de tus datos y no darle el poder a las empresas y los gobiernos? \u00bfC\u00f3mo obtienen tus datos personales? Carissa V\u00e9liz hace una investigaci\u00f3n sobre el problema de la privacidad [&hellip;]<\/p>\n","protected":false},"author":1,"featured_media":46554,"comment_status":"closed","ping_status":"open","sticky":false,"template":"","format":"standard","meta":{"rop_custom_images_group":[],"rop_custom_messages_group":[],"rop_publish_now":"initial","rop_publish_now_accounts":[],"rop_publish_now_history":[],"rop_publish_now_status":"pending","footnotes":""},"categories":[62,74],"tags":[23],"class_list":["post-46553","post","type-post","status-publish","format-standard","has-post-thumbnail","hentry","category-cultura","category-literatura","tag-destacado"],"_links":{"self":[{"href":"https:\/\/notiissa.mx\/index.php?rest_route=\/wp\/v2\/posts\/46553","targetHints":{"allow":["GET"]}}],"collection":[{"href":"https:\/\/notiissa.mx\/index.php?rest_route=\/wp\/v2\/posts"}],"about":[{"href":"https:\/\/notiissa.mx\/index.php?rest_route=\/wp\/v2\/types\/post"}],"author":[{"embeddable":true,"href":"https:\/\/notiissa.mx\/index.php?rest_route=\/wp\/v2\/users\/1"}],"replies":[{"embeddable":true,"href":"https:\/\/notiissa.mx\/index.php?rest_route=%2Fwp%2Fv2%2Fcomments&post=46553"}],"version-history":[{"count":1,"href":"https:\/\/notiissa.mx\/index.php?rest_route=\/wp\/v2\/posts\/46553\/revisions"}],"predecessor-version":[{"id":46555,"href":"https:\/\/notiissa.mx\/index.php?rest_route=\/wp\/v2\/posts\/46553\/revisions\/46555"}],"wp:featuredmedia":[{"embeddable":true,"href":"https:\/\/notiissa.mx\/index.php?rest_route=\/wp\/v2\/media\/46554"}],"wp:attachment":[{"href":"https:\/\/notiissa.mx\/index.php?rest_route=%2Fwp%2Fv2%2Fmedia&parent=46553"}],"wp:term":[{"taxonomy":"category","embeddable":true,"href":"https:\/\/notiissa.mx\/index.php?rest_route=%2Fwp%2Fv2%2Fcategories&post=46553"},{"taxonomy":"post_tag","embeddable":true,"href":"https:\/\/notiissa.mx\/index.php?rest_route=%2Fwp%2Fv2%2Ftags&post=46553"}],"curies":[{"name":"wp","href":"https:\/\/api.w.org\/{rel}","templated":true}]}}