{"id":46453,"date":"2022-03-16T19:02:47","date_gmt":"2022-03-16T19:02:47","guid":{"rendered":"https:\/\/notiissa.mx\/?p=46453"},"modified":"2022-03-16T19:02:49","modified_gmt":"2022-03-16T19:02:49","slug":"se-convierte-tiktok-en-socio-oficial-del-festival-de-cine-de-cannes","status":"publish","type":"post","link":"https:\/\/notiissa.mx\/?p=46453","title":{"rendered":"Se convierte TikTok en socio oficial del Festival de Cine de Cannes"},"content":{"rendered":"\n<p>Thierry Fremaux, director de Cannes, expres\u00f3 que tiene curiosidad por ver c\u00f3mo TikTok compartir\u00e1 la \u00abmagia\u00bb del festival con una audiencia \u00abm\u00e1s grande, global y cin\u00e9fila\u00bb, como nunca antes se ha visto.<\/p>\n\n\n\n<p>La red social <strong>TikTok<\/strong> es el aliado oficial del <strong>Festival de Cine de Cannes<\/strong>. Esta sociedad promete conectar el evento con los millones de usuarios en la plataforma digital. El Festival le dar\u00e1 a usuarios en TikTok <strong>contenido exclusivo<\/strong> detr\u00e1s de c\u00e1maras, escenas de la alfombra roja y entrevistas con el talento.\u00a0Como aliado y socio del evento cultural, <strong>la red social apoyar\u00e1 con financiamiento al festival de cine.<\/strong><\/p>\n\n\n\n<p>El <strong>director general<\/strong> de TikTok en <strong>Europa<\/strong>, <strong>Rich Waterworth<\/strong>, describi\u00f3 a Cannes como \u201cun momento ic\u00f3nico que ha cambiado para siempre el paisaje del cine global\u201d; Waterworth agreg\u00f3 que la plataforma est\u00e1 \u201crealmente\u201d agradecida por el honor de ser el socio oficial del festival.<\/p>\n\n\n\n<p>El ejecutivo se\u00f1al\u00f3 que la red social espera abrir \u201cm\u00e1s posibilidades creativas para nuestra comunidad al mismo tiempo que ellos se preparan para inspirarse, conmoverse y entretenerse, unidos por un amor compartido al video y al cine\u201d.<\/p>\n\n\n\n<p>La marca tambi\u00e9n lanz\u00f3 el <strong>#TikTokShortFilm<\/strong>, una <strong>competencia<\/strong> <strong>internacional<\/strong> de cortometrajes dentro de la aplicaci\u00f3n con una duraci\u00f3n de entre 30 segundos y 3 minutos. El jurado de esta categor\u00eda ser\u00e1 anunciado en las pr\u00f3ximas semanas. Esta secci\u00f3n contar\u00e1 con 3 premios que se entregar\u00e1n durante un evento presidido por <strong>el director<\/strong> de Cannes, <strong>Thierry Fremaux<\/strong>.<\/p>\n\n\n\n<p><strong>Fremaux expres\u00f3 que tiene curiosidad por ver c\u00f3mo TikTok compartir\u00e1 la \u201cmagia\u201d del festival con una audiencia \u201cm\u00e1s grande, global y cin\u00e9fila\u201d, como nunca antes se ha visto.<\/strong> \u201cEstamos esperando compartir los momentos m\u00e1s emocionantes e inspiradores del festival y ver c\u00f3mo se reinventa a trav\u00e9s de los lentes de los creadores de TikTok y su comunidad\u201d, agreg\u00f3 el director del festival.<\/p>\n\n\n\n<p>Esta edici\u00f3n 2022 celebrar\u00e1 el <strong>75 aniversario<\/strong> del Festival de Cine de Cannes, y tendr\u00e1 lugar del <strong>17 al 28 de mayo<\/strong>.<\/p>\n\n\n\n<p>AN \/ CZC<\/p>\n","protected":false},"excerpt":{"rendered":"<p>Thierry Fremaux, director de Cannes, expres\u00f3 que tiene curiosidad por ver c\u00f3mo TikTok compartir\u00e1 la \u00abmagia\u00bb del festival con una audiencia \u00abm\u00e1s grande, global y cin\u00e9fila\u00bb, como nunca antes se ha visto. La red social TikTok es el aliado oficial del Festival de Cine de Cannes. Esta sociedad promete conectar el evento con los millones [&hellip;]<\/p>\n","protected":false},"author":1,"featured_media":46454,"comment_status":"closed","ping_status":"open","sticky":false,"template":"","format":"standard","meta":{"rop_custom_images_group":[],"rop_custom_messages_group":[],"rop_publish_now":"initial","rop_publish_now_accounts":[],"rop_publish_now_history":[],"rop_publish_now_status":"pending","footnotes":""},"categories":[70,66],"tags":[23],"class_list":["post-46453","post","type-post","status-publish","format-standard","has-post-thumbnail","hentry","category-espectaculos","category-estilo-de-vida","tag-destacado"],"_links":{"self":[{"href":"https:\/\/notiissa.mx\/index.php?rest_route=\/wp\/v2\/posts\/46453","targetHints":{"allow":["GET"]}}],"collection":[{"href":"https:\/\/notiissa.mx\/index.php?rest_route=\/wp\/v2\/posts"}],"about":[{"href":"https:\/\/notiissa.mx\/index.php?rest_route=\/wp\/v2\/types\/post"}],"author":[{"embeddable":true,"href":"https:\/\/notiissa.mx\/index.php?rest_route=\/wp\/v2\/users\/1"}],"replies":[{"embeddable":true,"href":"https:\/\/notiissa.mx\/index.php?rest_route=%2Fwp%2Fv2%2Fcomments&post=46453"}],"version-history":[{"count":1,"href":"https:\/\/notiissa.mx\/index.php?rest_route=\/wp\/v2\/posts\/46453\/revisions"}],"predecessor-version":[{"id":46455,"href":"https:\/\/notiissa.mx\/index.php?rest_route=\/wp\/v2\/posts\/46453\/revisions\/46455"}],"wp:featuredmedia":[{"embeddable":true,"href":"https:\/\/notiissa.mx\/index.php?rest_route=\/wp\/v2\/media\/46454"}],"wp:attachment":[{"href":"https:\/\/notiissa.mx\/index.php?rest_route=%2Fwp%2Fv2%2Fmedia&parent=46453"}],"wp:term":[{"taxonomy":"category","embeddable":true,"href":"https:\/\/notiissa.mx\/index.php?rest_route=%2Fwp%2Fv2%2Fcategories&post=46453"},{"taxonomy":"post_tag","embeddable":true,"href":"https:\/\/notiissa.mx\/index.php?rest_route=%2Fwp%2Fv2%2Ftags&post=46453"}],"curies":[{"name":"wp","href":"https:\/\/api.w.org\/{rel}","templated":true}]}}