{"id":4632,"date":"2015-08-17T21:31:50","date_gmt":"2015-08-17T21:31:50","guid":{"rendered":"http:\/\/notiissa.mx\/?p=4632"},"modified":"2015-08-17T21:31:50","modified_gmt":"2015-08-17T21:31:50","slug":"reto-de-anaya-unificar-esfuerzos-del-partido-senadores-an","status":"publish","type":"post","link":"https:\/\/notiissa.mx\/?p=4632","title":{"rendered":"Reto de Anaya, unificar esfuerzos del partido: Senadores AN"},"content":{"rendered":"<p style=\"text-align: justify;\">Senadores panistas confiaron en que con la elecci\u00f3n de Ricardo Anaya como presidente nacional del PAN, se recuperar\u00e1 la confianza de la ciudadan\u00eda y se reencauzar\u00e1 al partido como verdadera oposici\u00f3n y contrapeso del gobierno federal.<\/p>\n<p style=\"text-align: justify;\">\u201cEl primer reto que tiene es unificar los esfuerzos de partido, convertirlo en un partido de oposici\u00f3n fuerte y responsable que le sirva a los mexicanos, que contrapese al Ejecutivo, que corrija errores del Ejecutivo y que eso tambi\u00e9n nos permita generar m\u00e1s preferencia entre la gente\u201d, coment\u00f3 el legislador H\u00e9ctor Larios C\u00f3rdova.<\/p>\n<p style=\"text-align: justify;\">En entrevista, el presidente de la Comisi\u00f3n Electoral que organiz\u00f3 el relevo de esa dirigencia rechaz\u00f3 los se\u00f1alamientos del candidato vencido, Javier Corral Jurado, respecto a que el proceso interno estuvo plagado de \u201cpr\u00e1cticas irregulares\u201d, como el acarreo de votantes.<\/p>\n<p style=\"text-align: justify;\">Ernesto Ruffo Appel, integrante de la planilla que gan\u00f3 la direcci\u00f3n del Comit\u00e9 Ejecutivo Nacional (CEN) panista, mencion\u00f3 a su vez que otra tarea importante del nuevo presidente es abrir el partido a la ciudadan\u00eda, que \u00e9sta supervise la actuaci\u00f3n de Anaya Cort\u00e9s y de los cuadros que lo acompa\u00f1ar\u00e1n los pr\u00f3ximos cuatro a\u00f1os.<\/p>\n<p style=\"text-align: justify;\">Tambi\u00e9n en entrevista expuso que otros retos que se deben encarar de inmediato son fomentar la unidad interna y recuperar la confianza de los mexicanos, para que el Partido Acci\u00f3n Nacional (PAN) sea una opci\u00f3n real en 2016, 2017 y 2018.<\/p>\n<p style=\"text-align: justify;\">El ex gobernador de Baja California a\u00f1adi\u00f3 que la unidad interna pasa necesariamente por una \u201coperaci\u00f3n cicatriz\u201d, con un reencuentro con todos los grupos, ideolog\u00edas y lo que llam\u00f3 \u201ccaudillismos\u201d, para que sean incluidos en el trabajo de la nueva dirigencia.<\/p>\n<p style=\"text-align: justify;\">Asimismo reconoci\u00f3 que entre esas facciones est\u00e1 la que representa Felipe Calder\u00f3n Hinojosa, ex presidente de la Rep\u00fablica a quien se\u00f1al\u00f3 se le tender\u00e1 la mano para que acompa\u00f1e, si es su decisi\u00f3n, a Ricardo Anaya en la reconstrucci\u00f3n de Acci\u00f3n Nacional.<\/p>\n<p style=\"text-align: justify;\">\u201cEl PAN debe de ser una herramienta de los ciudadanos y bajo esa perspectiva, todo mundo es bienvenido. As\u00ed entonces habr\u00e1 espacio para la visi\u00f3n singular de cada uno de los liderazgos que se han dado\u201d en esta fuerza pol\u00edtica, abund\u00f3.<\/p>\n<p style=\"text-align: justify;\">\u201cFelipe Calder\u00f3n dirigi\u00f3 Acci\u00f3n Nacional como su presidente en una \u00e9poca y luego represent\u00f3 a todos los mexicanos como presidente de la Rep\u00fablica. El hombre ya acumul\u00f3 experiencias y todas esas, sin duda, lo han llevado a tener una mejor una visi\u00f3n de M\u00e9xico y de cu\u00e1l es el sentido del PAN\u201d, mencion\u00f3 Ruffo Appel.<\/p>\n<p style=\"text-align: justify;\">NTX<\/p>\n","protected":false},"excerpt":{"rendered":"<p>Senadores panistas confiaron en que con la elecci\u00f3n de Ricardo Anaya como presidente nacional del PAN, se recuperar\u00e1 la confianza de la ciudadan\u00eda y se reencauzar\u00e1 al partido como verdadera oposici\u00f3n y contrapeso del gobierno federal. \u201cEl primer reto que tiene es unificar los esfuerzos de partido, convertirlo en un partido de oposici\u00f3n fuerte y [&hellip;]<\/p>\n","protected":false},"author":1,"featured_media":4633,"comment_status":"open","ping_status":"open","sticky":false,"template":"","format":"standard","meta":{"rop_custom_images_group":[],"rop_custom_messages_group":[],"rop_publish_now":"initial","rop_publish_now_accounts":[],"rop_publish_now_history":[],"rop_publish_now_status":"pending","footnotes":""},"categories":[60],"tags":[],"class_list":["post-4632","post","type-post","status-publish","format-standard","has-post-thumbnail","hentry","category-sonnoticia"],"_links":{"self":[{"href":"https:\/\/notiissa.mx\/index.php?rest_route=\/wp\/v2\/posts\/4632","targetHints":{"allow":["GET"]}}],"collection":[{"href":"https:\/\/notiissa.mx\/index.php?rest_route=\/wp\/v2\/posts"}],"about":[{"href":"https:\/\/notiissa.mx\/index.php?rest_route=\/wp\/v2\/types\/post"}],"author":[{"embeddable":true,"href":"https:\/\/notiissa.mx\/index.php?rest_route=\/wp\/v2\/users\/1"}],"replies":[{"embeddable":true,"href":"https:\/\/notiissa.mx\/index.php?rest_route=%2Fwp%2Fv2%2Fcomments&post=4632"}],"version-history":[{"count":1,"href":"https:\/\/notiissa.mx\/index.php?rest_route=\/wp\/v2\/posts\/4632\/revisions"}],"predecessor-version":[{"id":4634,"href":"https:\/\/notiissa.mx\/index.php?rest_route=\/wp\/v2\/posts\/4632\/revisions\/4634"}],"wp:featuredmedia":[{"embeddable":true,"href":"https:\/\/notiissa.mx\/index.php?rest_route=\/wp\/v2\/media\/4633"}],"wp:attachment":[{"href":"https:\/\/notiissa.mx\/index.php?rest_route=%2Fwp%2Fv2%2Fmedia&parent=4632"}],"wp:term":[{"taxonomy":"category","embeddable":true,"href":"https:\/\/notiissa.mx\/index.php?rest_route=%2Fwp%2Fv2%2Fcategories&post=4632"},{"taxonomy":"post_tag","embeddable":true,"href":"https:\/\/notiissa.mx\/index.php?rest_route=%2Fwp%2Fv2%2Ftags&post=4632"}],"curies":[{"name":"wp","href":"https:\/\/api.w.org\/{rel}","templated":true}]}}